{"id":1838,"date":"2017-02-28T00:20:38","date_gmt":"2017-02-27T22:20:38","guid":{"rendered":"http:\/\/uar.es\/?p=1838"},"modified":"2017-02-28T00:26:22","modified_gmt":"2017-02-27T22:26:22","slug":"tres-ors-i-una-plata-al-campionat-de-catalunya-de-veterans","status":"publish","type":"post","link":"https:\/\/uar.es\/?p=1838","title":{"rendered":"TRES ORS I UNA PLATA AL CAMPIONAT DE CATALUNYA DE VETERANS"},"content":{"rendered":"<p style=\"text-align: justify\">La rubinenca <strong>Thais Montoya<\/strong> va aconseguir aquest cap de setmana <strong>dos medalles<\/strong> (d\u2019or i de plata) <strong>i una quarta posici\u00f3<\/strong>. Apart de les medalles tamb\u00e9 va fer millors marques personals que li van donar m\u00ednimes per poder participar al Campionat d\u2019Espanya en 60 metres llisos i 60 metres tanques. La medalla d\u2019or la va aconseguir en 60 metre tanques amb un registre de 10\u201998\u2019\u2019, la medalla de plata la va aconseguir en llargada saltant 4.46 metres i finalment l\u2019ultima prova va ser 60 metres llisos acabant la carrera en 8\u201990\u2019\u2019 i amb una quarta posici\u00f3.<\/p>\n<p style=\"text-align: justify\">D\u2019altra banda, <strong>Francisco Aragon<\/strong> va participar en dos carreres de fons, 1500 i 3000 metres, on va aconseguir <strong>dos medalles d\u2019or.<\/strong> Va finalitzar els 1500 metres amb un registre de 5:06.98 i el 3000 metres en 10:33.87.<\/p>\n<p style=\"text-align: justify\"><strong>Ignasi Melo<\/strong>, per la seva part, va realitzar el 3000 metres marxa en 15:15.11 que li va ser atorgada la <strong>medalla d\u2019or<\/strong>.<\/p>\n<p style=\"text-align: center\">FELICITATS A TOTS TRES, SOU UNS CAMPIONS!!<\/p>\n<p style=\"text-align: justify\"><a href=\"http:\/\/uar.es\/wp-content\/uploads\/2017\/02\/IMG_0948.jpg\"><img loading=\"lazy\" class=\" wp-image-1839 alignleft\" src=\"http:\/\/uar.es\/wp-content\/uploads\/2017\/02\/IMG_0948-300x169.jpg\" alt=\"IMG_0948\" width=\"236\" height=\"133\" srcset=\"https:\/\/uar.es\/wp-content\/uploads\/2017\/02\/IMG_0948-300x169.jpg 300w, https:\/\/uar.es\/wp-content\/uploads\/2017\/02\/IMG_0948-500x281.jpg 500w, https:\/\/uar.es\/wp-content\/uploads\/2017\/02\/IMG_0948.jpg 600w\" sizes=\"(max-width: 236px) 100vw, 236px\" \/><\/a> <a href=\"http:\/\/uar.es\/wp-content\/uploads\/2017\/02\/IMG_0947.jpg\"><img loading=\"lazy\" class=\" wp-image-1840 alignright\" src=\"http:\/\/uar.es\/wp-content\/uploads\/2017\/02\/IMG_0947-300x225.jpg\" alt=\"IMG_0947\" width=\"236\" height=\"177\" srcset=\"https:\/\/uar.es\/wp-content\/uploads\/2017\/02\/IMG_0947-300x225.jpg 300w, https:\/\/uar.es\/wp-content\/uploads\/2017\/02\/IMG_0947-500x375.jpg 500w, https:\/\/uar.es\/wp-content\/uploads\/2017\/02\/IMG_0947.jpg 600w\" sizes=\"(max-width: 236px) 100vw, 236px\" \/><\/a> <a href=\"http:\/\/uar.es\/wp-content\/uploads\/2017\/02\/IMG_0946.jpg\"><img loading=\"lazy\" class=\"wp-image-1841 alignleft\" src=\"http:\/\/uar.es\/wp-content\/uploads\/2017\/02\/IMG_0946-225x300.jpg\" alt=\"IMG_0946\" width=\"166\" height=\"221\" srcset=\"https:\/\/uar.es\/wp-content\/uploads\/2017\/02\/IMG_0946-225x300.jpg 225w, https:\/\/uar.es\/wp-content\/uploads\/2017\/02\/IMG_0946.jpg 450w\" sizes=\"(max-width: 166px) 100vw, 166px\" \/><\/a> <a href=\"http:\/\/uar.es\/wp-content\/uploads\/2017\/02\/IMG_0960.jpg\"><img loading=\"lazy\" class=\"wp-image-1842 alignright\" src=\"http:\/\/uar.es\/wp-content\/uploads\/2017\/02\/IMG_0960-300x225.jpg\" alt=\"IMG_0960\" width=\"260\" height=\"195\" srcset=\"https:\/\/uar.es\/wp-content\/uploads\/2017\/02\/IMG_0960-300x225.jpg 300w, https:\/\/uar.es\/wp-content\/uploads\/2017\/02\/IMG_0960-500x375.jpg 500w, https:\/\/uar.es\/wp-content\/uploads\/2017\/02\/IMG_0960.jpg 600w\" sizes=\"(max-width: 260px) 100vw, 260px\" \/><\/a><\/p>\n","protected":false},"excerpt":{"rendered":"<p>La rubinenca Thais Montoya va aconseguir aquest cap de setmana dos medalles (d\u2019or i de plata) i una quarta posici\u00f3. Apart de les medalles tamb\u00e9 va fer millors marques personals que li van donar m\u00ednimes per poder participar al Campionat d\u2019Espanya en 60 metres llisos i 60 metres tanques. La medalla d\u2019or la va aconseguir [&hellip;]<\/p>\n","protected":false},"author":9,"featured_media":0,"comment_status":"closed","ping_status":"closed","sticky":false,"template":"","format":"standard","meta":[],"categories":[2],"tags":[],"_links":{"self":[{"href":"https:\/\/uar.es\/index.php?rest_route=\/wp\/v2\/posts\/1838"}],"collection":[{"href":"https:\/\/uar.es\/index.php?rest_route=\/wp\/v2\/posts"}],"about":[{"href":"https:\/\/uar.es\/index.php?rest_route=\/wp\/v2\/types\/post"}],"author":[{"embeddable":true,"href":"https:\/\/uar.es\/index.php?rest_route=\/wp\/v2\/users\/9"}],"replies":[{"embeddable":true,"href":"https:\/\/uar.es\/index.php?rest_route=%2Fwp%2Fv2%2Fcomments&post=1838"}],"version-history":[{"count":4,"href":"https:\/\/uar.es\/index.php?rest_route=\/wp\/v2\/posts\/1838\/revisions"}],"predecessor-version":[{"id":1846,"href":"https:\/\/uar.es\/index.php?rest_route=\/wp\/v2\/posts\/1838\/revisions\/1846"}],"wp:attachment":[{"href":"https:\/\/uar.es\/index.php?rest_route=%2Fwp%2Fv2%2Fmedia&parent=1838"}],"wp:term":[{"taxonomy":"category","embeddable":true,"href":"https:\/\/uar.es\/index.php?rest_route=%2Fwp%2Fv2%2Fcategories&post=1838"},{"taxonomy":"post_tag","embeddable":true,"href":"https:\/\/uar.es\/index.php?rest_route=%2Fwp%2Fv2%2Ftags&post=1838"}],"curies":[{"name":"wp","href":"https:\/\/api.w.org\/{rel}","templated":true}]}}