{"id":1857,"date":"2017-03-08T09:02:22","date_gmt":"2017-03-08T07:02:22","guid":{"rendered":"http:\/\/uar.es\/?p=1857"},"modified":"2017-03-08T09:04:45","modified_gmt":"2017-03-08T07:04:45","slug":"sortida-a-cambrils-2","status":"publish","type":"post","link":"https:\/\/uar.es\/?p=1857","title":{"rendered":"SORTIDA A CAMBRILS"},"content":{"rendered":"<p style=\"text-align: justify;\">Ja tenim data per fer la sortida de cap de setmana, ser\u00e0 el cap de setmana 6 i 7 de maig. Recordeu que es surt divendres a la tarda i es torna diumenge \u00a0despr\u00e9s de dinar. Aquest any tornarem a Cambrils. Per apuntar-vos ho podeu fer a secretaria o trucant a Eli i Nuri. Aqu\u00ed teniu el cartell amb tota la informaci\u00f3. Animeu-vos!!!<\/p>\n<p style=\"text-align: justify;\"><a href=\"http:\/\/uar.es\/wp-content\/uploads\/2017\/03\/cartell-cambrils.png\"><img loading=\"lazy\" class=\"aligncenter wp-image-1859 size-full\" src=\"http:\/\/uar.es\/wp-content\/uploads\/2017\/03\/cartell-cambrils.png\" alt=\"cartell cambrils\" width=\"424\" height=\"600\" \/><\/a><\/p>\n","protected":false},"excerpt":{"rendered":"<p>Ja tenim data per fer la sortida de cap de setmana, ser\u00e0 el cap de setmana 6 i 7 de maig. Recordeu que es surt divendres a la tarda i es torna diumenge \u00a0despr\u00e9s de dinar. Aquest any tornarem a Cambrils. Per apuntar-vos ho podeu fer a secretaria o trucant a Eli i Nuri. Aqu\u00ed [&hellip;]<\/p>\n","protected":false},"author":6,"featured_media":0,"comment_status":"closed","ping_status":"closed","sticky":false,"template":"","format":"standard","meta":[],"categories":[2],"tags":[],"_links":{"self":[{"href":"https:\/\/uar.es\/index.php?rest_route=\/wp\/v2\/posts\/1857"}],"collection":[{"href":"https:\/\/uar.es\/index.php?rest_route=\/wp\/v2\/posts"}],"about":[{"href":"https:\/\/uar.es\/index.php?rest_route=\/wp\/v2\/types\/post"}],"author":[{"embeddable":true,"href":"https:\/\/uar.es\/index.php?rest_route=\/wp\/v2\/users\/6"}],"replies":[{"embeddable":true,"href":"https:\/\/uar.es\/index.php?rest_route=%2Fwp%2Fv2%2Fcomments&post=1857"}],"version-history":[{"count":3,"href":"https:\/\/uar.es\/index.php?rest_route=\/wp\/v2\/posts\/1857\/revisions"}],"predecessor-version":[{"id":1861,"href":"https:\/\/uar.es\/index.php?rest_route=\/wp\/v2\/posts\/1857\/revisions\/1861"}],"wp:attachment":[{"href":"https:\/\/uar.es\/index.php?rest_route=%2Fwp%2Fv2%2Fmedia&parent=1857"}],"wp:term":[{"taxonomy":"category","embeddable":true,"href":"https:\/\/uar.es\/index.php?rest_route=%2Fwp%2Fv2%2Fcategories&post=1857"},{"taxonomy":"post_tag","embeddable":true,"href":"https:\/\/uar.es\/index.php?rest_route=%2Fwp%2Fv2%2Ftags&post=1857"}],"curies":[{"name":"wp","href":"https:\/\/api.w.org\/{rel}","templated":true}]}}