{"id":1872,"date":"2017-03-15T08:10:34","date_gmt":"2017-03-15T06:10:34","guid":{"rendered":"http:\/\/uar.es\/?p=1872"},"modified":"2017-03-15T08:10:34","modified_gmt":"2017-03-15T06:10:34","slug":"horaris-dobertura-de-la-instal%c2%b7lacio-2","status":"publish","type":"post","link":"https:\/\/uar.es\/?p=1872","title":{"rendered":"HORARIS D\u2019OBERTURA DE LA INSTAL\u00b7LACI\u00d3"},"content":{"rendered":"<p><strong>La instal\u00b7laci\u00f3 ha sofert un canvi d\u2019horari significatiu en horari de mat\u00ed, queda de la seg\u00fcent manera:<\/strong><\/p>\n<p><strong>Matins<\/strong><\/p>\n<p>Dilluns mat\u00ed de 10:00 \u00a0a 13:00 hores<\/p>\n<p>Dimarts, dimecres, dijous i divendres de 8:00 a 15:00 hores<\/p>\n<p>Dissabte de 8:30 a 15:00 hores<\/p>\n<p><strong>Tardes:<\/strong><\/p>\n<p>De dilluns a divendres de 17:00 a 23 hores<\/p>\n","protected":false},"excerpt":{"rendered":"<p>La instal\u00b7laci\u00f3 ha sofert un canvi d\u2019horari significatiu en horari de mat\u00ed, queda de la seg\u00fcent manera: Matins Dilluns mat\u00ed de 10:00 \u00a0a 13:00 hores Dimarts, dimecres, dijous i divendres de 8:00 a 15:00 hores Dissabte de 8:30 a 15:00 hores Tardes: De dilluns a divendres de 17:00 a 23 hores<\/p>\n","protected":false},"author":6,"featured_media":0,"comment_status":"closed","ping_status":"closed","sticky":false,"template":"","format":"standard","meta":[],"categories":[2],"tags":[],"_links":{"self":[{"href":"https:\/\/uar.es\/index.php?rest_route=\/wp\/v2\/posts\/1872"}],"collection":[{"href":"https:\/\/uar.es\/index.php?rest_route=\/wp\/v2\/posts"}],"about":[{"href":"https:\/\/uar.es\/index.php?rest_route=\/wp\/v2\/types\/post"}],"author":[{"embeddable":true,"href":"https:\/\/uar.es\/index.php?rest_route=\/wp\/v2\/users\/6"}],"replies":[{"embeddable":true,"href":"https:\/\/uar.es\/index.php?rest_route=%2Fwp%2Fv2%2Fcomments&post=1872"}],"version-history":[{"count":1,"href":"https:\/\/uar.es\/index.php?rest_route=\/wp\/v2\/posts\/1872\/revisions"}],"predecessor-version":[{"id":1873,"href":"https:\/\/uar.es\/index.php?rest_route=\/wp\/v2\/posts\/1872\/revisions\/1873"}],"wp:attachment":[{"href":"https:\/\/uar.es\/index.php?rest_route=%2Fwp%2Fv2%2Fmedia&parent=1872"}],"wp:term":[{"taxonomy":"category","embeddable":true,"href":"https:\/\/uar.es\/index.php?rest_route=%2Fwp%2Fv2%2Fcategories&post=1872"},{"taxonomy":"post_tag","embeddable":true,"href":"https:\/\/uar.es\/index.php?rest_route=%2Fwp%2Fv2%2Ftags&post=1872"}],"curies":[{"name":"wp","href":"https:\/\/api.w.org\/{rel}","templated":true}]}}