{"id":1898,"date":"2017-05-02T09:33:50","date_gmt":"2017-05-02T07:33:50","guid":{"rendered":"http:\/\/uar.es\/?p=1898"},"modified":"2017-05-02T09:41:00","modified_gmt":"2017-05-02T07:41:00","slug":"control-de-promocio-a-rubi","status":"publish","type":"post","link":"https:\/\/uar.es\/?p=1898","title":{"rendered":"CONTROL DE PROMOCI\u00d3 A RUB\u00cd"},"content":{"rendered":"<h2 style=\"text-align: justify;\"><strong>\u00c8xit de participaci\u00f3 i d\u2019organitzaci\u00f3<\/strong><\/h2>\n<p style=\"text-align: justify;\"><a href=\"http:\/\/uar.es\/wp-content\/uploads\/2017\/05\/regidor.jpg\"><img loading=\"lazy\" class=\"alignleft wp-image-1900 size-medium\" src=\"http:\/\/uar.es\/wp-content\/uploads\/2017\/05\/regidor-300x225.jpg\" alt=\"regidor\" width=\"300\" height=\"225\" srcset=\"https:\/\/uar.es\/wp-content\/uploads\/2017\/05\/regidor-300x225.jpg 300w, https:\/\/uar.es\/wp-content\/uploads\/2017\/05\/regidor-500x375.jpg 500w, https:\/\/uar.es\/wp-content\/uploads\/2017\/05\/regidor.jpg 600w\" sizes=\"(max-width: 300px) 100vw, 300px\" \/><\/a> El passat dissabte 29 d\u2019abril la UAR va organitzar un control de promoci\u00f3 per a les categories benjam\u00ed, alev\u00ed i infantil. Aquest control serveix per realitzar les marques m\u00ednimes per accedir a la fase pr\u00e8via del Campionat de Catalunya.<\/p>\n<p style=\"text-align: justify;\">La jornada va ser tot un \u00e8xit, tant en participaci\u00f3 com en organitzaci\u00f3.\u00a0 Van competir al voltant de 600 atletes i totes les proves es van disputar dins de l\u2019horari previst inicialment, comesa dif\u00edcil degut a la gran participaci\u00f3 en les diferents proves.<\/p>\n<p style=\"text-align: justify;\">Els atletes de la UAR van aconseguir diverses marques m\u00ednimes per participar en la fase pr\u00e8via del Campionat de Catalunya.<\/p>\n<p style=\"text-align: justify;\">Cal destacar la pres\u00e8ncia del Regidor d\u2019Esports de Rub\u00ed, en Juan L\u00f3pez.<\/p>\n<p style=\"text-align: justify;\"><a href=\"http:\/\/fcatletisme.cat\/wp-content\/uploads\/resultat-20170429-controlbairubi.pdf\">*Resultats*<\/a><\/p>\n<p style=\"text-align: justify;\"><a href=\"https:\/\/www.flickr.com\/photos\/135933013@N04\/sets\/72157680056420623\">*Fotografies Miquel Merino*<\/a><\/p>\n<p style=\"text-align: justify;\"><a href=\"http:\/\/uar.es\/wp-content\/uploads\/2017\/05\/Promo.png\"><img loading=\"lazy\" class=\"wp-image-1902 size-full aligncenter\" src=\"http:\/\/uar.es\/wp-content\/uploads\/2017\/05\/Promo.png\" alt=\"Promo\" width=\"600\" height=\"196\" srcset=\"https:\/\/uar.es\/wp-content\/uploads\/2017\/05\/Promo.png 600w, https:\/\/uar.es\/wp-content\/uploads\/2017\/05\/Promo-300x98.png 300w, https:\/\/uar.es\/wp-content\/uploads\/2017\/05\/Promo-500x163.png 500w\" sizes=\"(max-width: 600px) 100vw, 600px\" \/><\/a><\/p>\n<p style=\"text-align: justify;\"><a href=\"http:\/\/uar.es\/wp-content\/uploads\/2017\/05\/34303305406_cdcfdb1595_b.jpg\"><img loading=\"lazy\" class=\"aligncenter wp-image-1899 size-full\" src=\"http:\/\/uar.es\/wp-content\/uploads\/2017\/05\/34303305406_cdcfdb1595_b.jpg\" alt=\"34303305406_cdcfdb1595_b\" width=\"600\" height=\"398\" srcset=\"https:\/\/uar.es\/wp-content\/uploads\/2017\/05\/34303305406_cdcfdb1595_b.jpg 600w, https:\/\/uar.es\/wp-content\/uploads\/2017\/05\/34303305406_cdcfdb1595_b-300x199.jpg 300w, https:\/\/uar.es\/wp-content\/uploads\/2017\/05\/34303305406_cdcfdb1595_b-500x332.jpg 500w\" sizes=\"(max-width: 600px) 100vw, 600px\" \/><\/a><\/p>\n","protected":false},"excerpt":{"rendered":"<p>\u00c8xit de participaci\u00f3 i d\u2019organitzaci\u00f3 El passat dissabte 29 d\u2019abril la UAR va organitzar un control de promoci\u00f3 per a les categories benjam\u00ed, alev\u00ed i infantil. Aquest control serveix per realitzar les marques m\u00ednimes per accedir a la fase pr\u00e8via del Campionat de Catalunya. La jornada va ser tot un \u00e8xit, tant en participaci\u00f3 com [&hellip;]<\/p>\n","protected":false},"author":6,"featured_media":0,"comment_status":"closed","ping_status":"closed","sticky":false,"template":"","format":"standard","meta":[],"categories":[2],"tags":[],"_links":{"self":[{"href":"https:\/\/uar.es\/index.php?rest_route=\/wp\/v2\/posts\/1898"}],"collection":[{"href":"https:\/\/uar.es\/index.php?rest_route=\/wp\/v2\/posts"}],"about":[{"href":"https:\/\/uar.es\/index.php?rest_route=\/wp\/v2\/types\/post"}],"author":[{"embeddable":true,"href":"https:\/\/uar.es\/index.php?rest_route=\/wp\/v2\/users\/6"}],"replies":[{"embeddable":true,"href":"https:\/\/uar.es\/index.php?rest_route=%2Fwp%2Fv2%2Fcomments&post=1898"}],"version-history":[{"count":2,"href":"https:\/\/uar.es\/index.php?rest_route=\/wp\/v2\/posts\/1898\/revisions"}],"predecessor-version":[{"id":1904,"href":"https:\/\/uar.es\/index.php?rest_route=\/wp\/v2\/posts\/1898\/revisions\/1904"}],"wp:attachment":[{"href":"https:\/\/uar.es\/index.php?rest_route=%2Fwp%2Fv2%2Fmedia&parent=1898"}],"wp:term":[{"taxonomy":"category","embeddable":true,"href":"https:\/\/uar.es\/index.php?rest_route=%2Fwp%2Fv2%2Fcategories&post=1898"},{"taxonomy":"post_tag","embeddable":true,"href":"https:\/\/uar.es\/index.php?rest_route=%2Fwp%2Fv2%2Ftags&post=1898"}],"curies":[{"name":"wp","href":"https:\/\/api.w.org\/{rel}","templated":true}]}}