{"id":1916,"date":"2017-05-09T23:41:15","date_gmt":"2017-05-09T21:41:15","guid":{"rendered":"http:\/\/uar.es\/?p=1916"},"modified":"2017-05-09T23:41:15","modified_gmt":"2017-05-09T21:41:15","slug":"soler-i-badia-de-concentracio-al-car","status":"publish","type":"post","link":"https:\/\/uar.es\/?p=1916","title":{"rendered":"SOLER I BADIA DE CONCENTRACI\u00d3 AL CAR"},"content":{"rendered":"<p style=\"text-align: justify\">Jan Soler i Jan Badia van estar a les ordres del comit\u00e8 t\u00e8cnic de la Federaci\u00f3 Catalana d\u2019Atletisme en una concentraci\u00f3 que es va realitzar al Centre d\u2019Alt Rendiment de Sant Cugat. En aquesta concentraci\u00f3 van fer una s\u00e8rie de test i van estar compartint entrenaments amb altres atletes catalans d\u2019alt nivell.<\/p>\n<p style=\"text-align: center\"><a href=\"http:\/\/uar.es\/wp-content\/uploads\/2017\/05\/IMG_0643.jpg\"><img loading=\"lazy\" class=\"alignnone size-medium wp-image-1917\" src=\"http:\/\/uar.es\/wp-content\/uploads\/2017\/05\/IMG_0643-300x169.jpg\" alt=\"IMG_0643\" width=\"300\" height=\"169\" srcset=\"https:\/\/uar.es\/wp-content\/uploads\/2017\/05\/IMG_0643-300x169.jpg 300w, https:\/\/uar.es\/wp-content\/uploads\/2017\/05\/IMG_0643-500x281.jpg 500w, https:\/\/uar.es\/wp-content\/uploads\/2017\/05\/IMG_0643.jpg 600w\" sizes=\"(max-width: 300px) 100vw, 300px\" \/><\/a><\/p>\n","protected":false},"excerpt":{"rendered":"<p>Jan Soler i Jan Badia van estar a les ordres del comit\u00e8 t\u00e8cnic de la Federaci\u00f3 Catalana d\u2019Atletisme en una concentraci\u00f3 que es va realitzar al Centre d\u2019Alt Rendiment de Sant Cugat. En aquesta concentraci\u00f3 van fer una s\u00e8rie de test i van estar compartint entrenaments amb altres atletes catalans d\u2019alt nivell.<\/p>\n","protected":false},"author":9,"featured_media":0,"comment_status":"closed","ping_status":"closed","sticky":false,"template":"","format":"standard","meta":[],"categories":[2],"tags":[],"_links":{"self":[{"href":"https:\/\/uar.es\/index.php?rest_route=\/wp\/v2\/posts\/1916"}],"collection":[{"href":"https:\/\/uar.es\/index.php?rest_route=\/wp\/v2\/posts"}],"about":[{"href":"https:\/\/uar.es\/index.php?rest_route=\/wp\/v2\/types\/post"}],"author":[{"embeddable":true,"href":"https:\/\/uar.es\/index.php?rest_route=\/wp\/v2\/users\/9"}],"replies":[{"embeddable":true,"href":"https:\/\/uar.es\/index.php?rest_route=%2Fwp%2Fv2%2Fcomments&post=1916"}],"version-history":[{"count":1,"href":"https:\/\/uar.es\/index.php?rest_route=\/wp\/v2\/posts\/1916\/revisions"}],"predecessor-version":[{"id":1918,"href":"https:\/\/uar.es\/index.php?rest_route=\/wp\/v2\/posts\/1916\/revisions\/1918"}],"wp:attachment":[{"href":"https:\/\/uar.es\/index.php?rest_route=%2Fwp%2Fv2%2Fmedia&parent=1916"}],"wp:term":[{"taxonomy":"category","embeddable":true,"href":"https:\/\/uar.es\/index.php?rest_route=%2Fwp%2Fv2%2Fcategories&post=1916"},{"taxonomy":"post_tag","embeddable":true,"href":"https:\/\/uar.es\/index.php?rest_route=%2Fwp%2Fv2%2Ftags&post=1916"}],"curies":[{"name":"wp","href":"https:\/\/api.w.org\/{rel}","templated":true}]}}