{"id":1924,"date":"2017-05-09T23:48:13","date_gmt":"2017-05-09T21:48:13","guid":{"rendered":"http:\/\/uar.es\/?p=1924"},"modified":"2017-05-09T23:48:13","modified_gmt":"2017-05-09T21:48:13","slug":"merino-tercer-al-despanya-de-federacions","status":"publish","type":"post","link":"https:\/\/uar.es\/?p=1924","title":{"rendered":"MERINO TERCER AL D&#8217;ESPANYA DE FEDERACIONS"},"content":{"rendered":"<p>&nbsp;<\/p>\n<p style=\"text-align: justify\">Aquest cap de setmana 6 i 7 de maig es va realitzar el <strong>XXIX Campionat d\u2019Espanya de Federacions Auton\u00f2miques de Proves Combinades a Castell\u00f3 . <\/strong>El Comit\u00e8 T\u00e8cnic de la Federaci\u00f3 Catalana va seleccionar\u00a0a\u00a0Jes\u00fas Castillo\u00a0(Cornell\u00e0 At) i\u00a0Ferran Merino\u00a0(UA Rub\u00ed) en la categoria masculina, i a la\u00a0Tamara del Rio\u00a0(AAC) i\u00a0Maria Vicente\u00a0(ISS-L\u2019H) en la femenina. La selecci\u00f3 catalana ha estat hist\u00f2ricament protagonista en aquesta competici\u00f3 estatal per comunitats, ja que ha guanyat el t\u00edtol en 12 ocasions en la categoria femenina i 7 en la masculina.<\/p>\n<p style=\"text-align: justify\">El rubinenc\u00a0<strong>Merino va quedar tercer<\/strong>\u00a0amb una puntuaci\u00f3 final de 5.533, que suposa una\u00a0<strong>millor marca personal<\/strong><strong>.<\/strong><\/p>\n<p style=\"text-align: justify\">Merino va fer els 100 metres llisos en 11.59; els 110 metres tanques en 16.00, el 400 metres en 51.79 i els 1.500 metres llisos en 4\u201938\u2019\u201906. Pel que fa al salt de llargada va aconseguir saltar 6.69 metres, mentre que va saltar 1,74 metres en al\u00e7ada. Al salt de perxa, va fer tres nuls. En llan\u00e7ament de pes, va aconseguir una marca de 10.92 metres, en llan\u00e7ament de disc 24.77 metres i en javelina 38.28 metres.<\/p>\n<p style=\"text-align: justify\">Tamb\u00e9 va participar Adri\u00e0 Navaj\u00f3n fora de concurs i va fer una marca de 5.810 punts. Aquest va fer els 100 metres llisos en 11.88; els 110 metres tanques en 14.78, el 400 metres en 56.70 i els 1.500 metres llisos en 4\u201958\u2019\u201981. Pel que fa al salt de llargada va aconseguir saltar 5.43 metres, mentre que va saltar 1,89 metres en al\u00e7ada. Al salt de perxa, va salta fins a una al\u00e7ada de 3.50 metres. En llan\u00e7ament de pes, va aconseguir una marca de 10.43 metres, en llan\u00e7ament de disc 24.92 metres i en javelina 38.00 metres.<\/p>\n<p style=\"text-align: center\"><a href=\"http:\/\/uar.es\/wp-content\/uploads\/2017\/05\/34146883730_5104e07172_z.jpg\"><img loading=\"lazy\" class=\"alignnone size-medium wp-image-1925\" src=\"http:\/\/uar.es\/wp-content\/uploads\/2017\/05\/34146883730_5104e07172_z-300x199.jpg\" alt=\"34146883730_5104e07172_z\" width=\"300\" height=\"199\" srcset=\"https:\/\/uar.es\/wp-content\/uploads\/2017\/05\/34146883730_5104e07172_z-300x199.jpg 300w, https:\/\/uar.es\/wp-content\/uploads\/2017\/05\/34146883730_5104e07172_z-500x332.jpg 500w, https:\/\/uar.es\/wp-content\/uploads\/2017\/05\/34146883730_5104e07172_z.jpg 600w\" sizes=\"(max-width: 300px) 100vw, 300px\" \/><\/a><\/p>\n","protected":false},"excerpt":{"rendered":"<p>&nbsp; Aquest cap de setmana 6 i 7 de maig es va realitzar el XXIX Campionat d\u2019Espanya de Federacions Auton\u00f2miques de Proves Combinades a Castell\u00f3 . El Comit\u00e8 T\u00e8cnic de la Federaci\u00f3 Catalana va seleccionar\u00a0a\u00a0Jes\u00fas Castillo\u00a0(Cornell\u00e0 At) i\u00a0Ferran Merino\u00a0(UA Rub\u00ed) en la categoria masculina, i a la\u00a0Tamara del Rio\u00a0(AAC) i\u00a0Maria Vicente\u00a0(ISS-L\u2019H) en la femenina. La [&hellip;]<\/p>\n","protected":false},"author":9,"featured_media":0,"comment_status":"closed","ping_status":"closed","sticky":false,"template":"","format":"standard","meta":[],"categories":[2],"tags":[],"_links":{"self":[{"href":"https:\/\/uar.es\/index.php?rest_route=\/wp\/v2\/posts\/1924"}],"collection":[{"href":"https:\/\/uar.es\/index.php?rest_route=\/wp\/v2\/posts"}],"about":[{"href":"https:\/\/uar.es\/index.php?rest_route=\/wp\/v2\/types\/post"}],"author":[{"embeddable":true,"href":"https:\/\/uar.es\/index.php?rest_route=\/wp\/v2\/users\/9"}],"replies":[{"embeddable":true,"href":"https:\/\/uar.es\/index.php?rest_route=%2Fwp%2Fv2%2Fcomments&post=1924"}],"version-history":[{"count":1,"href":"https:\/\/uar.es\/index.php?rest_route=\/wp\/v2\/posts\/1924\/revisions"}],"predecessor-version":[{"id":1926,"href":"https:\/\/uar.es\/index.php?rest_route=\/wp\/v2\/posts\/1924\/revisions\/1926"}],"wp:attachment":[{"href":"https:\/\/uar.es\/index.php?rest_route=%2Fwp%2Fv2%2Fmedia&parent=1924"}],"wp:term":[{"taxonomy":"category","embeddable":true,"href":"https:\/\/uar.es\/index.php?rest_route=%2Fwp%2Fv2%2Fcategories&post=1924"},{"taxonomy":"post_tag","embeddable":true,"href":"https:\/\/uar.es\/index.php?rest_route=%2Fwp%2Fv2%2Ftags&post=1924"}],"curies":[{"name":"wp","href":"https:\/\/api.w.org\/{rel}","templated":true}]}}