{"id":1988,"date":"2017-06-26T23:46:55","date_gmt":"2017-06-26T21:46:55","guid":{"rendered":"http:\/\/uar.es\/?p=1988"},"modified":"2017-06-26T23:46:55","modified_gmt":"2017-06-26T21:46:55","slug":"un-or-al-campionat-de-catalunya-cadet","status":"publish","type":"post","link":"https:\/\/uar.es\/?p=1988","title":{"rendered":"UN OR AL CAMPIONAT DE CATALUNYA CADET"},"content":{"rendered":"<p style=\"text-align: justify\">El diumenge 25 de juny es va celebrar la Jornada Final dels Campionats de Catalunya Cadet al Camp d\u2019Atletisme Antoni Amor\u00f3s de Santa Coloma de Gramenet.<\/p>\n<p style=\"text-align: justify\">En aquesta jornada final participen els atletes que es van classificar a la jornada pr\u00e8via, que s\u00f3n les setze millors marques per prova excepte en els concursos i en les proves de 600 m, 1.000 metres i 1.500 m. obstacles en les quals van ser dotze. Prop de quatre centenar d\u2019atletes catalans van participar en aquests campionat auton\u00f2mic, entre ells dos atletes de la UAR, Jan Soler i Jan Badia.<\/p>\n<p style=\"text-align: justify\"><strong>Badia<\/strong> va quedar campi\u00f3 de <strong>Catalunya Cadet en els 1500 obstacles<\/strong> amb una marca de 4:37:19.<\/p>\n<p style=\"text-align: justify\"><strong>Soler<\/strong>, per la seva part va tenir problemes amb el flato i va acabar amb una <strong>12ena posici\u00f3 als 3000 metres<\/strong>, finalitzant-los amb 10:05:04.<\/p>\n<p style=\"text-align: justify\">Tot dos atletes tenen marques m\u00ednimes per poder participar al Campionat d\u2019Espanya Cadet, que es celebrar\u00e0 l\u20191 i 2 de juliol a M\u00farcia. MOLTA SORT!!!<\/p>\n<p><a href=\"http:\/\/uar.es\/wp-content\/uploads\/2017\/06\/IMG_1967.jpg\"><img loading=\"lazy\" class=\"alignnone size-medium wp-image-1983 aligncenter\" src=\"http:\/\/uar.es\/wp-content\/uploads\/2017\/06\/IMG_1967-300x200.jpg\" alt=\"IMG_1967\" width=\"300\" height=\"200\" srcset=\"https:\/\/uar.es\/wp-content\/uploads\/2017\/06\/IMG_1967-300x200.jpg 300w, https:\/\/uar.es\/wp-content\/uploads\/2017\/06\/IMG_1967-500x333.jpg 500w, https:\/\/uar.es\/wp-content\/uploads\/2017\/06\/IMG_1967.jpg 600w\" sizes=\"(max-width: 300px) 100vw, 300px\" \/><\/a> <a href=\"http:\/\/uar.es\/wp-content\/uploads\/2017\/06\/IMG_1965.jpg\"><img loading=\"lazy\" class=\"alignnone size-medium wp-image-1981 aligncenter\" src=\"http:\/\/uar.es\/wp-content\/uploads\/2017\/06\/IMG_1965-300x200.jpg\" alt=\"IMG_1965\" width=\"300\" height=\"200\" srcset=\"https:\/\/uar.es\/wp-content\/uploads\/2017\/06\/IMG_1965-300x200.jpg 300w, https:\/\/uar.es\/wp-content\/uploads\/2017\/06\/IMG_1965-500x333.jpg 500w, https:\/\/uar.es\/wp-content\/uploads\/2017\/06\/IMG_1965.jpg 600w\" sizes=\"(max-width: 300px) 100vw, 300px\" \/><\/a> <a href=\"http:\/\/uar.es\/wp-content\/uploads\/2017\/06\/IMG_1968.jpg\"><img loading=\"lazy\" class=\"alignnone size-medium wp-image-1984 aligncenter\" src=\"http:\/\/uar.es\/wp-content\/uploads\/2017\/06\/IMG_1968-200x300.jpg\" alt=\"IMG_1968\" width=\"200\" height=\"300\" srcset=\"https:\/\/uar.es\/wp-content\/uploads\/2017\/06\/IMG_1968-200x300.jpg 200w, https:\/\/uar.es\/wp-content\/uploads\/2017\/06\/IMG_1968.jpg 399w\" sizes=\"(max-width: 200px) 100vw, 200px\" \/><\/a> <a href=\"http:\/\/uar.es\/wp-content\/uploads\/2017\/06\/IMG_1969.jpg\"><img loading=\"lazy\" class=\"alignnone size-medium wp-image-1985 aligncenter\" src=\"http:\/\/uar.es\/wp-content\/uploads\/2017\/06\/IMG_1969-200x300.jpg\" alt=\"IMG_1969\" width=\"200\" height=\"300\" srcset=\"https:\/\/uar.es\/wp-content\/uploads\/2017\/06\/IMG_1969-200x300.jpg 200w, https:\/\/uar.es\/wp-content\/uploads\/2017\/06\/IMG_1969.jpg 399w\" sizes=\"(max-width: 200px) 100vw, 200px\" \/><\/a><\/p>\n","protected":false},"excerpt":{"rendered":"<p>El diumenge 25 de juny es va celebrar la Jornada Final dels Campionats de Catalunya Cadet al Camp d\u2019Atletisme Antoni Amor\u00f3s de Santa Coloma de Gramenet. En aquesta jornada final participen els atletes que es van classificar a la jornada pr\u00e8via, que s\u00f3n les setze millors marques per prova excepte en els concursos i en [&hellip;]<\/p>\n","protected":false},"author":9,"featured_media":0,"comment_status":"closed","ping_status":"closed","sticky":false,"template":"","format":"standard","meta":[],"categories":[2],"tags":[],"_links":{"self":[{"href":"https:\/\/uar.es\/index.php?rest_route=\/wp\/v2\/posts\/1988"}],"collection":[{"href":"https:\/\/uar.es\/index.php?rest_route=\/wp\/v2\/posts"}],"about":[{"href":"https:\/\/uar.es\/index.php?rest_route=\/wp\/v2\/types\/post"}],"author":[{"embeddable":true,"href":"https:\/\/uar.es\/index.php?rest_route=\/wp\/v2\/users\/9"}],"replies":[{"embeddable":true,"href":"https:\/\/uar.es\/index.php?rest_route=%2Fwp%2Fv2%2Fcomments&post=1988"}],"version-history":[{"count":1,"href":"https:\/\/uar.es\/index.php?rest_route=\/wp\/v2\/posts\/1988\/revisions"}],"predecessor-version":[{"id":1989,"href":"https:\/\/uar.es\/index.php?rest_route=\/wp\/v2\/posts\/1988\/revisions\/1989"}],"wp:attachment":[{"href":"https:\/\/uar.es\/index.php?rest_route=%2Fwp%2Fv2%2Fmedia&parent=1988"}],"wp:term":[{"taxonomy":"category","embeddable":true,"href":"https:\/\/uar.es\/index.php?rest_route=%2Fwp%2Fv2%2Fcategories&post=1988"},{"taxonomy":"post_tag","embeddable":true,"href":"https:\/\/uar.es\/index.php?rest_route=%2Fwp%2Fv2%2Ftags&post=1988"}],"curies":[{"name":"wp","href":"https:\/\/api.w.org\/{rel}","templated":true}]}}