{"id":1990,"date":"2017-07-12T14:14:12","date_gmt":"2017-07-12T12:14:12","guid":{"rendered":"http:\/\/uar.es\/?p=1990"},"modified":"2017-07-12T14:33:39","modified_gmt":"2017-07-12T12:33:39","slug":"tres-bronzes-als-nacionals-destiu","status":"publish","type":"post","link":"https:\/\/uar.es\/?p=1990","title":{"rendered":"TRES BRONZES ALS NACIONALS D&#8217;ESTIU"},"content":{"rendered":"<p style=\"text-align: justify\">El cap de setmana 1 i 2 de juliol es va celebrar el <strong>XVI Campionat d\u2019Espanya Cadet<\/strong> a Murcia i aquest cap de setmana passat 8 i 9 de juliol s\u2019ha celebrat el <strong>LXIV Campionat d\u2019Espanya Junior<\/strong> a Granollers. La UAR va tenir representaci\u00f3 de 4 atletes, dos en la categoria Cadet i dos en la Junior.<\/p>\n<p style=\"text-align: justify\"><strong>Jan Badia, Iker G\u00f3mez i Ferran Merino<\/strong> van aconseguir la <strong>medalla de bronze<\/strong>. I Jan Soler va quedar el 19\u00e9 en els 3000 metres llisos amb 9:33.19.<\/p>\n<p style=\"text-align: justify\"><strong>Badia<\/strong>, de la categoria cadet, va quedar tercer, guanyant la medalla de bronze als 1500 metres obstacles amb una marca de 4:27.13.<\/p>\n<p style=\"text-align: justify\"><strong>G\u00f3mez<\/strong>, junior, va guanyar la medalla de bronze als 400 metres tanques. Va fer la semifinal amb un temps de 53:88 que va passar com cap de s\u00e8rie, en la final va fer una marca de 53:13 que suposa <strong>millor marca de la temporada<\/strong> i <strong>m\u00ednima per poder participar al Campionat d\u2019Espanya Absolut<\/strong> que es celebrar\u00e0 el cap de setmana del 22 i 23 de juliol a la pista de Sarrahima. La ll\u00e0stima de G\u00f3mez es que \u00fanicament es va quedar a 0.13 cent\u00e8simes de la m\u00ednima per anar al Campionat d&#8217;Europa Junior.<\/p>\n<p style=\"text-align: justify\">Per la seva part, <strong>Merino<\/strong>, tamb\u00e9 atleta junior, va fer la combinada, realitzant <strong>moltes millors marques personals<\/strong>: en 100 metres llisos amb un temps de 11.33, en salt d\u2019al\u00e7ada amb una marca de 1.84 metres, en el 400 amb un registre de 51:19, en salt de perxa amb una marca de 3.80, en javelina amb un llan\u00e7ament de 41.77 i finalment la prova m\u00e9s <strong>espectacular els 1500<\/strong> metres, que va fer un temps de 4:24:15 que es una de les millor marques espanyoles de tots els temps en combinades. Tamb\u00e9 va realitzar altres proves on no va fer marca personal, el salt de llargada amb 6.68 metres, el llan\u00e7ament de pes 9.79 metres,\u00a0 110 metres tanques en 16.21 i finalment el llan\u00e7ament de disc amb 30.77 metres.<\/p>\n<p style=\"text-align: justify\">ENHORABONA a tots per aquest final de temporada i MOLTA SORT al Iker G\u00f3mez al Campionat d\u2019Espanya Absolut.<\/p>\n<p><a href=\"http:\/\/uar.es\/wp-content\/uploads\/2017\/07\/Badia-Podi.jpg\"><img loading=\"lazy\" class=\"alignnone size-medium wp-image-1991 aligncenter\" src=\"http:\/\/uar.es\/wp-content\/uploads\/2017\/07\/Badia-Podi-300x200.jpg\" alt=\"Badia Podi\" width=\"300\" height=\"200\" srcset=\"https:\/\/uar.es\/wp-content\/uploads\/2017\/07\/Badia-Podi-300x200.jpg 300w, https:\/\/uar.es\/wp-content\/uploads\/2017\/07\/Badia-Podi-500x333.jpg 500w, https:\/\/uar.es\/wp-content\/uploads\/2017\/07\/Badia-Podi.jpg 600w\" sizes=\"(max-width: 300px) 100vw, 300px\" \/><\/a><\/p>\n<p><a href=\"http:\/\/uar.es\/wp-content\/uploads\/2017\/07\/Ferran-Podi.jpg\"><img loading=\"lazy\" class=\"alignnone size-medium wp-image-1992 aligncenter\" src=\"http:\/\/uar.es\/wp-content\/uploads\/2017\/07\/Ferran-Podi-300x199.jpg\" alt=\"Ferran Podi\" width=\"300\" height=\"199\" srcset=\"https:\/\/uar.es\/wp-content\/uploads\/2017\/07\/Ferran-Podi-300x199.jpg 300w, https:\/\/uar.es\/wp-content\/uploads\/2017\/07\/Ferran-Podi-500x332.jpg 500w, https:\/\/uar.es\/wp-content\/uploads\/2017\/07\/Ferran-Podi.jpg 600w\" sizes=\"(max-width: 300px) 100vw, 300px\" \/><\/a><\/p>\n<p><a href=\"http:\/\/uar.es\/wp-content\/uploads\/2017\/07\/Iker-Jairo-Ferran.jpg\"><img loading=\"lazy\" class=\"alignnone size-medium wp-image-1993 aligncenter\" src=\"http:\/\/uar.es\/wp-content\/uploads\/2017\/07\/Iker-Jairo-Ferran-199x300.jpg\" alt=\"Iker Jairo Ferran\" width=\"199\" height=\"300\" srcset=\"https:\/\/uar.es\/wp-content\/uploads\/2017\/07\/Iker-Jairo-Ferran-199x300.jpg 199w, https:\/\/uar.es\/wp-content\/uploads\/2017\/07\/Iker-Jairo-Ferran.jpg 398w\" sizes=\"(max-width: 199px) 100vw, 199px\" \/><\/a><\/p>\n<p><a href=\"http:\/\/uar.es\/wp-content\/uploads\/2017\/07\/Iker-Podi.jpg\"><img loading=\"lazy\" class=\"alignnone size-medium wp-image-1994 aligncenter\" src=\"http:\/\/uar.es\/wp-content\/uploads\/2017\/07\/Iker-Podi-300x199.jpg\" alt=\"Iker Podi\" width=\"300\" height=\"199\" srcset=\"https:\/\/uar.es\/wp-content\/uploads\/2017\/07\/Iker-Podi-300x199.jpg 300w, https:\/\/uar.es\/wp-content\/uploads\/2017\/07\/Iker-Podi-500x332.jpg 500w, https:\/\/uar.es\/wp-content\/uploads\/2017\/07\/Iker-Podi.jpg 600w\" sizes=\"(max-width: 300px) 100vw, 300px\" \/><\/a><\/p>\n<p><a href=\"http:\/\/uar.es\/wp-content\/uploads\/2017\/07\/Jan-Badia-i-Jan-Soler.jpg\"><img loading=\"lazy\" class=\"alignnone size-medium wp-image-1995 aligncenter\" src=\"http:\/\/uar.es\/wp-content\/uploads\/2017\/07\/Jan-Badia-i-Jan-Soler-300x200.jpg\" alt=\"Jan Badia i Jan Soler\" width=\"300\" height=\"200\" srcset=\"https:\/\/uar.es\/wp-content\/uploads\/2017\/07\/Jan-Badia-i-Jan-Soler-300x200.jpg 300w, https:\/\/uar.es\/wp-content\/uploads\/2017\/07\/Jan-Badia-i-Jan-Soler-500x333.jpg 500w, https:\/\/uar.es\/wp-content\/uploads\/2017\/07\/Jan-Badia-i-Jan-Soler.jpg 600w\" sizes=\"(max-width: 300px) 100vw, 300px\" \/><\/a><\/p>\n<p><a href=\"http:\/\/uar.es\/wp-content\/uploads\/2017\/07\/Soler.jpg\"><img loading=\"lazy\" class=\"alignnone size-medium wp-image-1996 aligncenter\" src=\"http:\/\/uar.es\/wp-content\/uploads\/2017\/07\/Soler-300x200.jpg\" alt=\"Soler\" width=\"300\" height=\"200\" srcset=\"https:\/\/uar.es\/wp-content\/uploads\/2017\/07\/Soler-300x200.jpg 300w, https:\/\/uar.es\/wp-content\/uploads\/2017\/07\/Soler-500x333.jpg 500w, https:\/\/uar.es\/wp-content\/uploads\/2017\/07\/Soler.jpg 600w\" sizes=\"(max-width: 300px) 100vw, 300px\" \/><\/a><\/p>\n","protected":false},"excerpt":{"rendered":"<p>El cap de setmana 1 i 2 de juliol es va celebrar el XVI Campionat d\u2019Espanya Cadet a Murcia i aquest cap de setmana passat 8 i 9 de juliol s\u2019ha celebrat el LXIV Campionat d\u2019Espanya Junior a Granollers. La UAR va tenir representaci\u00f3 de 4 atletes, dos en la categoria Cadet i dos en [&hellip;]<\/p>\n","protected":false},"author":9,"featured_media":0,"comment_status":"closed","ping_status":"closed","sticky":false,"template":"","format":"standard","meta":[],"categories":[2],"tags":[],"_links":{"self":[{"href":"https:\/\/uar.es\/index.php?rest_route=\/wp\/v2\/posts\/1990"}],"collection":[{"href":"https:\/\/uar.es\/index.php?rest_route=\/wp\/v2\/posts"}],"about":[{"href":"https:\/\/uar.es\/index.php?rest_route=\/wp\/v2\/types\/post"}],"author":[{"embeddable":true,"href":"https:\/\/uar.es\/index.php?rest_route=\/wp\/v2\/users\/9"}],"replies":[{"embeddable":true,"href":"https:\/\/uar.es\/index.php?rest_route=%2Fwp%2Fv2%2Fcomments&post=1990"}],"version-history":[{"count":3,"href":"https:\/\/uar.es\/index.php?rest_route=\/wp\/v2\/posts\/1990\/revisions"}],"predecessor-version":[{"id":1999,"href":"https:\/\/uar.es\/index.php?rest_route=\/wp\/v2\/posts\/1990\/revisions\/1999"}],"wp:attachment":[{"href":"https:\/\/uar.es\/index.php?rest_route=%2Fwp%2Fv2%2Fmedia&parent=1990"}],"wp:term":[{"taxonomy":"category","embeddable":true,"href":"https:\/\/uar.es\/index.php?rest_route=%2Fwp%2Fv2%2Fcategories&post=1990"},{"taxonomy":"post_tag","embeddable":true,"href":"https:\/\/uar.es\/index.php?rest_route=%2Fwp%2Fv2%2Ftags&post=1990"}],"curies":[{"name":"wp","href":"https:\/\/api.w.org\/{rel}","templated":true}]}}