{"id":2000,"date":"2017-07-25T00:08:57","date_gmt":"2017-07-24T22:08:57","guid":{"rendered":"http:\/\/uar.es\/?p=2000"},"modified":"2017-07-25T00:08:57","modified_gmt":"2017-07-24T22:08:57","slug":"gomez-al-campionat-despanya-absolut","status":"publish","type":"post","link":"https:\/\/uar.es\/?p=2000","title":{"rendered":"GOMEZ AL CAMPIONAT D&#8217;ESPANYA ABSOLUT"},"content":{"rendered":"<p style=\"text-align: justify\">El passat cap de setmana, 22 i 23 de juliol, s\u2019han celebrat els <strong>Campionats d\u2019Espanya Absoluts<\/strong> a l\u2019Estadi Joan Serrahima de Barcelona, la UAR va tenir participaci\u00f3 del atleta <strong>Iker G\u00f3mez<\/strong>, actualment Junior i es va fer la m\u00ednima per poder-hi anar.<\/p>\n<p style=\"text-align: justify\">G\u00f3mez va c\u00f3rrer dissabte dia 22 en la <strong>4a semifinal dels 400 metres tanques<\/strong>, va fer un registre de 54.16, a un segon de la seva marca de la temporada, i es va classificar en una 6ena posici\u00f3 de la semifinal.<\/p>\n<p style=\"text-align: center\">Enhorabona per aquesta gran temporada i bon estiu.<\/p>\n<p><a href=\"http:\/\/uar.es\/wp-content\/uploads\/2017\/07\/35960442602_a8b602bae5_z.jpg\"><img loading=\"lazy\" class=\"alignnone size-medium wp-image-2001 aligncenter\" src=\"http:\/\/uar.es\/wp-content\/uploads\/2017\/07\/35960442602_a8b602bae5_z-300x199.jpg\" alt=\"35960442602_a8b602bae5_z\" width=\"300\" height=\"199\" \/><\/a> <a href=\"http:\/\/uar.es\/wp-content\/uploads\/2017\/07\/35960469482_54b0453183_z.jpg\"><img loading=\"lazy\" class=\"alignnone size-medium wp-image-2002 aligncenter\" src=\"http:\/\/uar.es\/wp-content\/uploads\/2017\/07\/35960469482_54b0453183_z-199x300.jpg\" alt=\"35960469482_54b0453183_z\" width=\"199\" height=\"300\" \/><\/a> <a href=\"http:\/\/uar.es\/wp-content\/uploads\/2017\/07\/36130610425_8c5b8188d5_z.jpg\"><img loading=\"lazy\" class=\"alignnone size-medium wp-image-2003 aligncenter\" src=\"http:\/\/uar.es\/wp-content\/uploads\/2017\/07\/36130610425_8c5b8188d5_z-300x199.jpg\" alt=\"36130610425_8c5b8188d5_z\" width=\"300\" height=\"199\" \/><\/a><\/p>\n","protected":false},"excerpt":{"rendered":"<p>El passat cap de setmana, 22 i 23 de juliol, s\u2019han celebrat els Campionats d\u2019Espanya Absoluts a l\u2019Estadi Joan Serrahima de Barcelona, la UAR va tenir participaci\u00f3 del atleta Iker G\u00f3mez, actualment Junior i es va fer la m\u00ednima per poder-hi anar. G\u00f3mez va c\u00f3rrer dissabte dia 22 en la 4a semifinal dels 400 metres [&hellip;]<\/p>\n","protected":false},"author":9,"featured_media":0,"comment_status":"closed","ping_status":"closed","sticky":false,"template":"","format":"standard","meta":[],"categories":[2],"tags":[],"_links":{"self":[{"href":"https:\/\/uar.es\/index.php?rest_route=\/wp\/v2\/posts\/2000"}],"collection":[{"href":"https:\/\/uar.es\/index.php?rest_route=\/wp\/v2\/posts"}],"about":[{"href":"https:\/\/uar.es\/index.php?rest_route=\/wp\/v2\/types\/post"}],"author":[{"embeddable":true,"href":"https:\/\/uar.es\/index.php?rest_route=\/wp\/v2\/users\/9"}],"replies":[{"embeddable":true,"href":"https:\/\/uar.es\/index.php?rest_route=%2Fwp%2Fv2%2Fcomments&post=2000"}],"version-history":[{"count":1,"href":"https:\/\/uar.es\/index.php?rest_route=\/wp\/v2\/posts\/2000\/revisions"}],"predecessor-version":[{"id":2004,"href":"https:\/\/uar.es\/index.php?rest_route=\/wp\/v2\/posts\/2000\/revisions\/2004"}],"wp:attachment":[{"href":"https:\/\/uar.es\/index.php?rest_route=%2Fwp%2Fv2%2Fmedia&parent=2000"}],"wp:term":[{"taxonomy":"category","embeddable":true,"href":"https:\/\/uar.es\/index.php?rest_route=%2Fwp%2Fv2%2Fcategories&post=2000"},{"taxonomy":"post_tag","embeddable":true,"href":"https:\/\/uar.es\/index.php?rest_route=%2Fwp%2Fv2%2Ftags&post=2000"}],"curies":[{"name":"wp","href":"https:\/\/api.w.org\/{rel}","templated":true}]}}