{"id":2069,"date":"2017-12-31T16:47:18","date_gmt":"2017-12-31T14:47:18","guid":{"rendered":"http:\/\/uar.es\/?p=2069"},"modified":"2018-01-11T18:24:46","modified_gmt":"2018-01-11T16:24:46","slug":"km-0","status":"publish","type":"post","link":"https:\/\/uar.es\/?p=2069","title":{"rendered":"GRUP D&#8217;ENTRENAMENT KM.0"},"content":{"rendered":"<p style=\"text-align: justify\">Estimats pares i mares,<\/p>\n<p style=\"text-align: justify\">Des de fa un parell d\u2019anys la UAR disposa d\u2019un grup dirigit amb monitor d\u2019iniciaci\u00f3 al running, en Roger Sarda\u00f1\u00e9s. \u00a0\u00c9s \u00a0un grup din\u00e0mic i divertit que ens inicia a fer esport mentre els nostres fills\/es estant fent el seu entrenament. Les sessions es fan dimarts, dimecres i dijous , pots triar entre un dia, dos o tots tres. \u00a0Aquest grup es diu <strong>Km.0<\/strong>, ens fa suar, riure i moure el cos.<\/p>\n<p style=\"text-align: justify\">Informa\u2019t a secretaria!!!<\/p>\n<p style=\"text-align: justify\"><strong>Km.0<\/strong> un bon prop\u00f2sit per comen\u00e7ar l\u2019any.<\/p>\n<p style=\"text-align: justify\">BON ANY 2018!!!<\/p>\n<p style=\"text-align: right\">Uni\u00f3 Atl\u00e8tica Rub\u00ed.<\/p>\n<p style=\"text-align: right\"><a href=\"http:\/\/uar.es\/wp-content\/uploads\/2017\/12\/IMG-20171231-WA0011.jpg\"><img loading=\"lazy\" class=\"aligncenter wp-image-2070 size-full\" src=\"http:\/\/uar.es\/wp-content\/uploads\/2017\/12\/IMG-20171231-WA0011.jpg\" alt=\"IMG-20171231-WA0011\" width=\"600\" height=\"383\" srcset=\"https:\/\/uar.es\/wp-content\/uploads\/2017\/12\/IMG-20171231-WA0011.jpg 600w, https:\/\/uar.es\/wp-content\/uploads\/2017\/12\/IMG-20171231-WA0011-300x192.jpg 300w, https:\/\/uar.es\/wp-content\/uploads\/2017\/12\/IMG-20171231-WA0011-500x319.jpg 500w\" sizes=\"(max-width: 600px) 100vw, 600px\" \/><\/a><\/p>\n","protected":false},"excerpt":{"rendered":"<p>Estimats pares i mares, Des de fa un parell d\u2019anys la UAR disposa d\u2019un grup dirigit amb monitor d\u2019iniciaci\u00f3 al running, en Roger Sarda\u00f1\u00e9s. \u00a0\u00c9s \u00a0un grup din\u00e0mic i divertit que ens inicia a fer esport mentre els nostres fills\/es estant fent el seu entrenament. Les sessions es fan dimarts, dimecres i dijous , pots [&hellip;]<\/p>\n","protected":false},"author":6,"featured_media":0,"comment_status":"closed","ping_status":"closed","sticky":false,"template":"","format":"standard","meta":[],"categories":[2],"tags":[],"_links":{"self":[{"href":"https:\/\/uar.es\/index.php?rest_route=\/wp\/v2\/posts\/2069"}],"collection":[{"href":"https:\/\/uar.es\/index.php?rest_route=\/wp\/v2\/posts"}],"about":[{"href":"https:\/\/uar.es\/index.php?rest_route=\/wp\/v2\/types\/post"}],"author":[{"embeddable":true,"href":"https:\/\/uar.es\/index.php?rest_route=\/wp\/v2\/users\/6"}],"replies":[{"embeddable":true,"href":"https:\/\/uar.es\/index.php?rest_route=%2Fwp%2Fv2%2Fcomments&post=2069"}],"version-history":[{"count":4,"href":"https:\/\/uar.es\/index.php?rest_route=\/wp\/v2\/posts\/2069\/revisions"}],"predecessor-version":[{"id":2081,"href":"https:\/\/uar.es\/index.php?rest_route=\/wp\/v2\/posts\/2069\/revisions\/2081"}],"wp:attachment":[{"href":"https:\/\/uar.es\/index.php?rest_route=%2Fwp%2Fv2%2Fmedia&parent=2069"}],"wp:term":[{"taxonomy":"category","embeddable":true,"href":"https:\/\/uar.es\/index.php?rest_route=%2Fwp%2Fv2%2Fcategories&post=2069"},{"taxonomy":"post_tag","embeddable":true,"href":"https:\/\/uar.es\/index.php?rest_route=%2Fwp%2Fv2%2Ftags&post=2069"}],"curies":[{"name":"wp","href":"https:\/\/api.w.org\/{rel}","templated":true}]}}