{"id":2082,"date":"2018-01-16T22:00:31","date_gmt":"2018-01-16T20:00:31","guid":{"rendered":"http:\/\/uar.es\/?p=2082"},"modified":"2018-01-16T22:02:29","modified_gmt":"2018-01-16T20:02:29","slug":"cros-vila-de-sant-sebastia-de-sabadell-i-control-mataro","status":"publish","type":"post","link":"https:\/\/uar.es\/?p=2082","title":{"rendered":"Cros Vila de Sant Sebasti\u00e0 de Sabadell i Control Matar\u00f3"},"content":{"rendered":"<p style=\"text-align: justify\">Aquest diumenge 14 de gener i, com cada any, amb una molt nodrida participaci\u00f3 d\u2019atletes de la U.A. RUB\u00cd han participat al cros de Sabadell celebrat al parc Catalunya de\u00a0Sabadell i on cal destacar a la categoria sub 18 la primera posici\u00f3 del Jan Soler Prior\u00a0imposant-se en solitari i despr\u00e9s de fer l\u2019 \u00faltim ter\u00e7 de la cursa en solitari i traient en\u00a0l\u2019arribada m\u00e9s de 80 metres a la resta de corredors.<\/p>\n<p style=\"text-align: justify\">Tamb\u00e9 cal dir el molt bon resultat per clubs a la categoria infantil mascul\u00ed o sub 14 on\u00a0la U.A. RUB\u00cd va quedar en segona posici\u00f3 darrera del Canovelles amb els nostres\u00a0atletes l\u2019 Adri\u00e0 Mac\u00edas Fern\u00e1ndez, el Marc L\u00f3pez Sala, l\u2019 Alex Valls West,l\u2019 Hugo Garc\u00eda\u00a0Mazo i el Pau Segovia Velasco.<\/p>\n<p style=\"text-align: justify\">Per\u00f2 no ens podem oblidar del nostre atleta el <strong>Jan Badia Celma<\/strong> que va anar amb la\u00a0selecci\u00f3 Catalana de Cros a realitzar el campionat d\u2019Espanya de Cros sub 18 a l\u2019Elgoibar i que a l\u2019\u00faltima volta anava 2n per\u00f2 que va caure i aix\u00f2 li va suposar perdre el\u00a0ritme i acabar 11\u00e8 d\u2019 Espanya.<\/p>\n<p style=\"text-align: justify\">El passat dissabte 13 de gener un grup d\u2019infantils de la U.A. RUB\u00cd va anar al control de\u00a0Matar\u00f3 on cal destacar la primera posici\u00f3 de la seva s\u00e8rie a 60mll del Jan Vila Zapater\u00a0amb una marca de 8,6s. i el Marc L\u00f3pez Sala amb un temps de 8,8s. A la mateix prova\u00a0per\u00f2 a la categoria femenina la 2a posici\u00f3 de la Laia Vargas Chaguaceda amb un temps\u00a0de 8,8s,<\/p>\n<p style=\"text-align: justify\">Tamb\u00e9 cal destacar als 1000mll la 1a posici\u00f3 en la seva s\u00e8rie de l\u2019Adri\u00e0 Mac\u00edas\u00a0Fern\u00e1ndez amb una marca de 3:20.1 i el Marc L\u00f3pez Sala 3r a la seva s\u00e8rie amb un\u00a0temps de 3;21.3.<\/p>\n<p style=\"text-align: center\"><a href=\"http:\/\/uar.es\/wp-content\/uploads\/2018\/01\/FullSizeRender-1.jpg\"><img loading=\"lazy\" class=\"alignnone size-medium wp-image-2084\" src=\"http:\/\/uar.es\/wp-content\/uploads\/2018\/01\/FullSizeRender-1-300x168.jpg\" alt=\"FullSizeRender (1)\" width=\"300\" height=\"168\" srcset=\"https:\/\/uar.es\/wp-content\/uploads\/2018\/01\/FullSizeRender-1-300x168.jpg 300w, https:\/\/uar.es\/wp-content\/uploads\/2018\/01\/FullSizeRender-1-500x279.jpg 500w, https:\/\/uar.es\/wp-content\/uploads\/2018\/01\/FullSizeRender-1.jpg 600w\" sizes=\"(max-width: 300px) 100vw, 300px\" \/><\/a><\/p>\n","protected":false},"excerpt":{"rendered":"<p>Aquest diumenge 14 de gener i, com cada any, amb una molt nodrida participaci\u00f3 d\u2019atletes de la U.A. RUB\u00cd han participat al cros de Sabadell celebrat al parc Catalunya de\u00a0Sabadell i on cal destacar a la categoria sub 18 la primera posici\u00f3 del Jan Soler Prior\u00a0imposant-se en solitari i despr\u00e9s de fer l\u2019 \u00faltim ter\u00e7 [&hellip;]<\/p>\n","protected":false},"author":9,"featured_media":0,"comment_status":"closed","ping_status":"closed","sticky":false,"template":"","format":"standard","meta":[],"categories":[2],"tags":[],"_links":{"self":[{"href":"https:\/\/uar.es\/index.php?rest_route=\/wp\/v2\/posts\/2082"}],"collection":[{"href":"https:\/\/uar.es\/index.php?rest_route=\/wp\/v2\/posts"}],"about":[{"href":"https:\/\/uar.es\/index.php?rest_route=\/wp\/v2\/types\/post"}],"author":[{"embeddable":true,"href":"https:\/\/uar.es\/index.php?rest_route=\/wp\/v2\/users\/9"}],"replies":[{"embeddable":true,"href":"https:\/\/uar.es\/index.php?rest_route=%2Fwp%2Fv2%2Fcomments&post=2082"}],"version-history":[{"count":3,"href":"https:\/\/uar.es\/index.php?rest_route=\/wp\/v2\/posts\/2082\/revisions"}],"predecessor-version":[{"id":2086,"href":"https:\/\/uar.es\/index.php?rest_route=\/wp\/v2\/posts\/2082\/revisions\/2086"}],"wp:attachment":[{"href":"https:\/\/uar.es\/index.php?rest_route=%2Fwp%2Fv2%2Fmedia&parent=2082"}],"wp:term":[{"taxonomy":"category","embeddable":true,"href":"https:\/\/uar.es\/index.php?rest_route=%2Fwp%2Fv2%2Fcategories&post=2082"},{"taxonomy":"post_tag","embeddable":true,"href":"https:\/\/uar.es\/index.php?rest_route=%2Fwp%2Fv2%2Ftags&post=2082"}],"curies":[{"name":"wp","href":"https:\/\/api.w.org\/{rel}","templated":true}]}}