{"id":2107,"date":"2018-02-01T20:59:15","date_gmt":"2018-02-01T18:59:15","guid":{"rendered":"http:\/\/uar.es\/?p=2107"},"modified":"2018-02-01T21:00:00","modified_gmt":"2018-02-01T19:00:00","slug":"sortida-a-cambrils-3","status":"publish","type":"post","link":"https:\/\/uar.es\/?p=2107","title":{"rendered":"SORTIDA A CAMBRILS"},"content":{"rendered":"<p style=\"text-align: justify\">Ja tenim data per fer la sortida de cap de setmana, ser\u00e0 el cap de setmana 25 al 27 de maig. Recordeu que es surt divendres a la tarda i es torna diumenge despr\u00e9s de dinar.<br \/>\nAquest any tornarem a Cambrils.<\/p>\n<p style=\"text-align: justify\">Per apuntar-vos ho podeu fer a partir de la APP i la transfer\u00e8ncia al numero de compte del club amb el nom de la fam\u00edlia (ES81 0182 8321 32 0201713781). Heu d\u2019omplir totes les preguntes del formulari de la APP.<\/p>\n<p style=\"text-align: justify\">Aqu\u00ed teniu el cartell amb tota la informaci\u00f3. Animeu-vos!!!<\/p>\n<p style=\"text-align: center\"><a href=\"http:\/\/uar.es\/wp-content\/uploads\/2018\/02\/Cambriils.png\"><img loading=\"lazy\" class=\"alignnone size-medium wp-image-2109\" src=\"http:\/\/uar.es\/wp-content\/uploads\/2018\/02\/Cambriils-212x300.png\" alt=\"Cambriils\" width=\"212\" height=\"300\" srcset=\"https:\/\/uar.es\/wp-content\/uploads\/2018\/02\/Cambriils-212x300.png 212w, https:\/\/uar.es\/wp-content\/uploads\/2018\/02\/Cambriils.png 424w\" sizes=\"(max-width: 212px) 100vw, 212px\" \/><\/a><\/p>\n","protected":false},"excerpt":{"rendered":"<p>Ja tenim data per fer la sortida de cap de setmana, ser\u00e0 el cap de setmana 25 al 27 de maig. Recordeu que es surt divendres a la tarda i es torna diumenge despr\u00e9s de dinar. Aquest any tornarem a Cambrils. Per apuntar-vos ho podeu fer a partir de la APP i la transfer\u00e8ncia al [&hellip;]<\/p>\n","protected":false},"author":9,"featured_media":0,"comment_status":"closed","ping_status":"closed","sticky":false,"template":"","format":"standard","meta":[],"categories":[2],"tags":[],"_links":{"self":[{"href":"https:\/\/uar.es\/index.php?rest_route=\/wp\/v2\/posts\/2107"}],"collection":[{"href":"https:\/\/uar.es\/index.php?rest_route=\/wp\/v2\/posts"}],"about":[{"href":"https:\/\/uar.es\/index.php?rest_route=\/wp\/v2\/types\/post"}],"author":[{"embeddable":true,"href":"https:\/\/uar.es\/index.php?rest_route=\/wp\/v2\/users\/9"}],"replies":[{"embeddable":true,"href":"https:\/\/uar.es\/index.php?rest_route=%2Fwp%2Fv2%2Fcomments&post=2107"}],"version-history":[{"count":1,"href":"https:\/\/uar.es\/index.php?rest_route=\/wp\/v2\/posts\/2107\/revisions"}],"predecessor-version":[{"id":2110,"href":"https:\/\/uar.es\/index.php?rest_route=\/wp\/v2\/posts\/2107\/revisions\/2110"}],"wp:attachment":[{"href":"https:\/\/uar.es\/index.php?rest_route=%2Fwp%2Fv2%2Fmedia&parent=2107"}],"wp:term":[{"taxonomy":"category","embeddable":true,"href":"https:\/\/uar.es\/index.php?rest_route=%2Fwp%2Fv2%2Fcategories&post=2107"},{"taxonomy":"post_tag","embeddable":true,"href":"https:\/\/uar.es\/index.php?rest_route=%2Fwp%2Fv2%2Ftags&post=2107"}],"curies":[{"name":"wp","href":"https:\/\/api.w.org\/{rel}","templated":true}]}}