{"id":2138,"date":"2018-03-07T00:09:28","date_gmt":"2018-03-06T22:09:28","guid":{"rendered":"http:\/\/uar.es\/?p=2138"},"modified":"2018-03-14T13:25:19","modified_gmt":"2018-03-14T11:25:19","slug":"aragon-i-miras-els-protagonistes-del-cap-de-setmana","status":"publish","type":"post","link":"https:\/\/uar.es\/?p=2138","title":{"rendered":"Aragon i Miras els protagonistes del cap de setmana"},"content":{"rendered":"<p style=\"text-align: justify\">El passat cap de setmana, del 2 al 4 de mar\u00e7, s\u2019ha celebrat el <strong><span style=\"text-decoration: underline\">29\u00e8 Campionat d\u2019Espanya M\u00e0ster en Pista Coberta a Salamanca<\/span><\/strong> amb una gran participaci\u00f3 d\u2019atletes catalans.<\/p>\n<p style=\"text-align: justify\">Entre tants atletes catalans vam tenir la participaci\u00f3 de <strong>Francisco Aragon<\/strong> en dos proves, en el 800 m.ll. i en el 1500 m.ll en la categoria M60.<\/p>\n<p style=\"text-align: justify\">En els 800 m.ll. va quedar <span style=\"text-decoration: underline\">subcampi\u00f3 d\u2019Espanya<\/span> amb un registre de 2:26:19 i en els 1500 m.ll va quedar <span style=\"text-decoration: underline\">tercer<\/span> amb una marca de 5:04:96. Aragon es un dels millors atletes veterans d\u2019Espanya.<\/p>\n<p style=\"text-align: justify\">Enhorabona i a seguir triomfant com fins ara.<\/p>\n<p style=\"text-align: justify\">Paral\u00b7lelament es va celebrar la <strong><span style=\"text-decoration: underline\">33a edici\u00f3 del Campionat de Catalunya Sub18 en Pista Coberta a Sabadell<\/span><\/strong> amb un extraordinari nivell de marques.<\/p>\n<p style=\"text-align: justify\">Per part de la UAR vam tenir un<span style=\"text-decoration: underline\"> subcampi\u00f3<\/span> de Catalunya, <strong>Kilian Miras,<\/strong> amb el llan\u00e7ament de pes. Va realitzar una marca de 14.60 metres. La seva companya d\u2019entrenaments, <strong>Marta Queralto<\/strong>, va quedar 13ena en llan\u00e7ament de pes amb un registre de 9.19m.<\/p>\n<p style=\"text-align: justify\">Per la seva part, <strong>Gerard Merino<\/strong> va participar en dos proves, en 60 m. tanques que va quedar 4t de la seva semifinal amb una marca de 9.21 i en salt de llargada que va quedar en 7ena posici\u00f3 i va millorar la seva millor marca personal amb 6.26m.<\/p>\n<p style=\"text-align: justify\"><strong>Jan Soler<\/strong> va participar en la prova dels 1500 metres, on va quedar 9\u00e9 i tamb\u00e9 va millorar la seva marca personal fins parar el cron\u00f2metre en 4:22:86.<\/p>\n<p style=\"text-align: justify\">El seg\u00fcent cap de setmana, el 10 i 11 de mar\u00e7, es disputar\u00e0 el Campionat d\u2019Espanya sub18 a Antequera, i representaran a la UAR el Gerard Merino en proves combinades, Kilian Miras en llan\u00e7ament de pes i Jan Badia en els 1500 m, que aquest \u00faltim no va poder fer el Campionat de Catalunya per una petita lesi\u00f3 al turmell.<\/p>\n<p style=\"text-align: justify\">El <strong>sub 14 arriben a la final de Catalunya en pista coberta<\/strong>. Aquest dissabte 3 de mar\u00e7 es va celebrar la jornada pr\u00e8via al campionat de Catalunya en pista coberta en el que cal remarcar la molt bona actuaci\u00f3 dels nostres atletes que van representar a la nostra ciutat amb una participaci\u00f3 de 9 atletes, 6 dels quals s\u2019han pogut ficar en la final de Catalunya que se celebrar\u00e0 el proper dissabte 10 de mar\u00e7.<\/p>\n<p style=\"text-align: justify\">Cal remarcar el finalistes:<\/p>\n<p style=\"text-align: justify\"><strong>Marc L\u00f3pez Sala<\/strong> que va quedar 3r als 1000mll\u00a0 amb un temps de 3:08.18 i 8\u00e8 als 60 metres tanques amb un temps de 11.18 s.<\/p>\n<p style=\"text-align: justify\"><strong>Violeta Vilches Segura<\/strong> 4a al triple salt amb una marca de 9.39 i 8a als 1000 mll amb un temps de 3:17.27<\/p>\n<p style=\"text-align: justify\"><strong>Aketza Sumell Garcia<\/strong> 4t en marca al salt d\u2019al\u00e7ada amb una marca de 1,42 m i 8\u00e8 al salt amb perxa amb una marca de 1.85m.<\/p>\n<p style=\"text-align: justify\"><strong>Pol Cordero Cazorla<\/strong> 5\u00e8 als 60 mt amb un temps de 10.56 i 6\u00e8 al salt de llargada amb un salt de 4,74 m.<\/p>\n<p style=\"text-align: justify\">I l\u2019 <strong>Ona Gombau Mart\u00ednez<\/strong> 13a als 60 mt amb un temps d\u2019 11.10 s.<\/p>\n<p style=\"text-align: justify\">Per\u00f2 no ens podem oblidar dels altres atletes que tamb\u00e9 ens van representar als 600 mll com la <strong>Valeria Olalla Gallego, l \u2018Ainhoa Cordero Cazorla<\/strong> als 60 mt i la <strong>Lucia Vel\u00e1zquez Carrasco<\/strong> als 2000 metres marxa i que no van poder fer marques per arribar a les finals per\u00f2 que van fer bons registres personals.<\/p>\n<p style=\"text-align: justify\">En resum no nom\u00e9s una bona representaci\u00f3 si no uns bons resultats que garanteixen una bona base de futur en els propers anys de la U.A. RUB\u00cd.<\/p>\n<p><a href=\"http:\/\/uar.es\/wp-content\/uploads\/2018\/03\/kilian1.png\"><img loading=\"lazy\" class=\"alignnone size-medium wp-image-2148 aligncenter\" src=\"http:\/\/uar.es\/wp-content\/uploads\/2018\/03\/kilian1-206x300.png\" alt=\"kilian1\" width=\"206\" height=\"300\" srcset=\"https:\/\/uar.es\/wp-content\/uploads\/2018\/03\/kilian1-206x300.png 206w, https:\/\/uar.es\/wp-content\/uploads\/2018\/03\/kilian1.png 412w\" sizes=\"(max-width: 206px) 100vw, 206px\" \/><\/a><\/p>\n","protected":false},"excerpt":{"rendered":"<p>El passat cap de setmana, del 2 al 4 de mar\u00e7, s\u2019ha celebrat el 29\u00e8 Campionat d\u2019Espanya M\u00e0ster en Pista Coberta a Salamanca amb una gran participaci\u00f3 d\u2019atletes catalans. Entre tants atletes catalans vam tenir la participaci\u00f3 de Francisco Aragon en dos proves, en el 800 m.ll. i en el 1500 m.ll en la categoria [&hellip;]<\/p>\n","protected":false},"author":9,"featured_media":0,"comment_status":"closed","ping_status":"closed","sticky":false,"template":"","format":"standard","meta":[],"categories":[2],"tags":[],"_links":{"self":[{"href":"https:\/\/uar.es\/index.php?rest_route=\/wp\/v2\/posts\/2138"}],"collection":[{"href":"https:\/\/uar.es\/index.php?rest_route=\/wp\/v2\/posts"}],"about":[{"href":"https:\/\/uar.es\/index.php?rest_route=\/wp\/v2\/types\/post"}],"author":[{"embeddable":true,"href":"https:\/\/uar.es\/index.php?rest_route=\/wp\/v2\/users\/9"}],"replies":[{"embeddable":true,"href":"https:\/\/uar.es\/index.php?rest_route=%2Fwp%2Fv2%2Fcomments&post=2138"}],"version-history":[{"count":5,"href":"https:\/\/uar.es\/index.php?rest_route=\/wp\/v2\/posts\/2138\/revisions"}],"predecessor-version":[{"id":2149,"href":"https:\/\/uar.es\/index.php?rest_route=\/wp\/v2\/posts\/2138\/revisions\/2149"}],"wp:attachment":[{"href":"https:\/\/uar.es\/index.php?rest_route=%2Fwp%2Fv2%2Fmedia&parent=2138"}],"wp:term":[{"taxonomy":"category","embeddable":true,"href":"https:\/\/uar.es\/index.php?rest_route=%2Fwp%2Fv2%2Fcategories&post=2138"},{"taxonomy":"post_tag","embeddable":true,"href":"https:\/\/uar.es\/index.php?rest_route=%2Fwp%2Fv2%2Ftags&post=2138"}],"curies":[{"name":"wp","href":"https:\/\/api.w.org\/{rel}","templated":true}]}}