{"id":2143,"date":"2018-03-12T23:04:14","date_gmt":"2018-03-12T21:04:14","guid":{"rendered":"http:\/\/uar.es\/?p=2143"},"modified":"2018-03-14T13:27:36","modified_gmt":"2018-03-14T11:27:36","slug":"zurich-marato-de-barcelona","status":"publish","type":"post","link":"https:\/\/uar.es\/?p=2143","title":{"rendered":"ZURICH MARAT\u00d3 DE BARCELONA"},"content":{"rendered":"<p style=\"text-align: justify\">La Zurich Marat\u00f3 de Barcelona celebrava la seva 40\u00aa edici\u00f3 el passat 11 de mar\u00e7 de 2018. La prova atl\u00e8tica de 42,2km es desenvolupa \u00edntegrament per\u00a0 Barcelona i passa per llocs molt emblem\u00e0tics de la ciutat com la Sagrada Fam\u00edlia, l\u2019Arc de Triomf o la Via Laietana.<\/p>\n<p style=\"text-align: justify\">\u00c9s un dels esdeveniments esportius m\u00e9s espectaculars que es poden viure en el nostre territori. Una prova on es barregen atletes professionals i amateurs per uns carrers plens de gent amb moltes ganes d\u2019animar als participants i gaudir de la prova esportiva.<\/p>\n<p style=\"text-align: justify\">La inscripci\u00f3 d\u2019aquest any ha estat de 17.000 participants, dels quals han arribat 11.058 homes i 2.851 dones. El primer home arribat ha estat el Maritim Anthony 2:08\u201908 i la primera dona la Chebitok Ruth amb un temps de 2:25\u201949, tots dos atletes d\u2019origen keni\u00e0.<\/p>\n<p style=\"text-align: justify\">La U.A.Rub\u00ed s\u2019ha presentat amb 16 atletes que amb gran il\u00b7lusi\u00f3 i esfor\u00e7 han preparat la prova durant els \u00faltims mesos. \u00a0Alguns d\u2019ells era la primera vegada que afrontaven aquesta prova tan dura i d\u2019altres m\u00e9s veterans tenien la intenci\u00f3 de millorar la seva marca personal.<\/p>\n<p style=\"text-align: justify\">Cal destacar la participaci\u00f3 de la Nuria Segura. Disputava la seva segona marat\u00f3 de Barcelona i \u00e9s l\u2019\u00fanica dona en aquest grup de valents. Esperem que en propers reptes es puguin afegir altres f\u00e9mines al grup de fons.<\/p>\n<p style=\"text-align: justify\">La cursa va ser molt dura, com era previsible, i els\/les atletes van haver de superar totes les dificultats que s\u2019anaven plantejant fins poder creuar la l\u00ednia de meta.\u00a0 A banda de la superaci\u00f3 del \u201cmur\u201d, temut per tots el maratonians\/es, l\u2019aparici\u00f3 del vent intens va exigir un esfor\u00e7 extra que va complicar la millora de les marques.<\/p>\n<p style=\"text-align: justify\">Cal agrair a tots la il\u00b7lusi\u00f3, esfor\u00e7 i solidaritat que com a grup han mostrat alhora d\u2019afrontar i preparar aquesta prova tan dura. Moltes felicitats!!!!<\/p>\n<p><a href=\"http:\/\/uar.es\/wp-content\/uploads\/2018\/03\/marat\u00f3.jpg\"><img loading=\"lazy\" class=\"alignnone size-medium wp-image-2150 aligncenter\" src=\"http:\/\/uar.es\/wp-content\/uploads\/2018\/03\/marat\u00f3-300x225.jpg\" alt=\"marat\u00f3\" width=\"300\" height=\"225\" srcset=\"https:\/\/uar.es\/wp-content\/uploads\/2018\/03\/marat\u00f3-300x225.jpg 300w, https:\/\/uar.es\/wp-content\/uploads\/2018\/03\/marat\u00f3-500x375.jpg 500w, https:\/\/uar.es\/wp-content\/uploads\/2018\/03\/marat\u00f3.jpg 600w\" sizes=\"(max-width: 300px) 100vw, 300px\" \/><\/a><\/p>\n<p><strong><u>Relaci\u00f3 de temps dels atletes de la U.A.Rub\u00ed:<\/u><\/strong><\/p>\n<p><strong>Jos\u00e9 Miguel Segovia<\/strong> 3:02\u201910\u201d (4\u201920km)<br \/>\n<strong>Santi S\u00e1nchez<\/strong> 3:06\u201919\u201d (4\u201925km)<br \/>\n<strong>Toni Navas<\/strong> 3:06\u201919\u201d (4\u201925km)<br \/>\n<strong>Joan Soler<\/strong> 3:06\u201921\u201d (4\u201925km)<br \/>\n<strong>Ricard Stoyou<\/strong> 3:10\u201911\u201d (4\u201931km)<br \/>\n<strong>Pedro Moreno<\/strong> 3:12\u201933\u201d (4\u201934km)<br \/>\n<strong>Frank Garc\u00eda<\/strong> 3:15\u201901\u201d (4\u201938km)<br \/>\n<strong>Juan Carlos Cazorla<\/strong> 3:20\u201934\u201d (4\u201946km)<br \/>\n<strong>\u00d3scar Guerrero<\/strong> 3:21\u201957\u201d (4\u201948km)<br \/>\n<strong>Jos\u00e9 Joaqu\u00edn Pinheiro<\/strong> 3:23\u201928\u201d (4\u201950km)<br \/>\n<strong>Dani Sanjust<\/strong> 3:25\u201916 (4\u201952km)<br \/>\n<strong>Jordi Vendrell<\/strong> 3:33\u201942\u201d (5\u201904km)<br \/>\n<strong>Nuria Segura<\/strong> 3:48\u201949 (5\u201926km)<br \/>\n<strong>Fernando Vel\u00e1zquez<\/strong> 4:18\u201953 (6\u201909km)<br \/>\n<strong>Javier Buill<\/strong> i <strong>Fernando Feijoo <\/strong>es van retirar.<\/p>\n","protected":false},"excerpt":{"rendered":"<p>La Zurich Marat\u00f3 de Barcelona celebrava la seva 40\u00aa edici\u00f3 el passat 11 de mar\u00e7 de 2018. La prova atl\u00e8tica de 42,2km es desenvolupa \u00edntegrament per\u00a0 Barcelona i passa per llocs molt emblem\u00e0tics de la ciutat com la Sagrada Fam\u00edlia, l\u2019Arc de Triomf o la Via Laietana. \u00c9s un dels esdeveniments esportius m\u00e9s espectaculars que [&hellip;]<\/p>\n","protected":false},"author":9,"featured_media":0,"comment_status":"closed","ping_status":"closed","sticky":false,"template":"","format":"standard","meta":[],"categories":[2],"tags":[],"_links":{"self":[{"href":"https:\/\/uar.es\/index.php?rest_route=\/wp\/v2\/posts\/2143"}],"collection":[{"href":"https:\/\/uar.es\/index.php?rest_route=\/wp\/v2\/posts"}],"about":[{"href":"https:\/\/uar.es\/index.php?rest_route=\/wp\/v2\/types\/post"}],"author":[{"embeddable":true,"href":"https:\/\/uar.es\/index.php?rest_route=\/wp\/v2\/users\/9"}],"replies":[{"embeddable":true,"href":"https:\/\/uar.es\/index.php?rest_route=%2Fwp%2Fv2%2Fcomments&post=2143"}],"version-history":[{"count":2,"href":"https:\/\/uar.es\/index.php?rest_route=\/wp\/v2\/posts\/2143\/revisions"}],"predecessor-version":[{"id":2151,"href":"https:\/\/uar.es\/index.php?rest_route=\/wp\/v2\/posts\/2143\/revisions\/2151"}],"wp:attachment":[{"href":"https:\/\/uar.es\/index.php?rest_route=%2Fwp%2Fv2%2Fmedia&parent=2143"}],"wp:term":[{"taxonomy":"category","embeddable":true,"href":"https:\/\/uar.es\/index.php?rest_route=%2Fwp%2Fv2%2Fcategories&post=2143"},{"taxonomy":"post_tag","embeddable":true,"href":"https:\/\/uar.es\/index.php?rest_route=%2Fwp%2Fv2%2Ftags&post=2143"}],"curies":[{"name":"wp","href":"https:\/\/api.w.org\/{rel}","templated":true}]}}