{"id":2164,"date":"2018-04-11T18:57:29","date_gmt":"2018-04-11T16:57:29","guid":{"rendered":"http:\/\/uar.es\/?p=2164"},"modified":"2018-04-12T14:17:52","modified_gmt":"2018-04-12T12:17:52","slug":"comenca-laire-lliure-amb-bon-peu","status":"publish","type":"post","link":"https:\/\/uar.es\/?p=2164","title":{"rendered":"Comen\u00e7a l&#8217;aire lliure amb bon peu"},"content":{"rendered":"<p style=\"text-align: center\"><span style=\"text-decoration: underline\"><strong>Ignasi Melo doble campi\u00f3 de Europa de veterans<\/strong><\/span><\/p>\n<p style=\"text-align: justify\">L&#8217;atleta de l&#8217;UAR\u00a0 Ignasi Melo, ha fet\u00a0 doblet en els recents Campionats d&#8217;Europa\u00a0 de veterans celebrats a Madrid\u00a0del 19-24 de Mar\u00e7.<\/p>\n<p style=\"text-align: justify\">Melo, marxador hist\u00f2ric de categor\u00eda M65 va aconseguir\u00a0dos ors\u00a0en les proves de Marxa atl\u00e8tica\u00a0: 3000 m\u00a0Pista Coberta amb un temps de 15&#8217;10\u00bb i\u00a0 5000 m Ruta en 25&#8217;36\u00bb.<\/p>\n<p style=\"text-align: justify\">Al \u00a0p\u00f3dium el van acompanyar l&#8217;angl\u00e8s Ian Richards i el franc\u00e9s Patrice Brochot.<\/p>\n<p style=\"text-align: justify\">Melo demostra el bon estat de forma, ja que desde inicis d&#8217;any ha batut 5 records d&#8217;Espanya en diferents dist\u00e0ncies.<\/p>\n<p><a href=\"http:\/\/uar.es\/wp-content\/uploads\/2018\/04\/MELO-CRONICA.png\"><img loading=\"lazy\" class=\"alignnone size-medium wp-image-2167 aligncenter\" src=\"http:\/\/uar.es\/wp-content\/uploads\/2018\/04\/MELO-CRONICA-300x239.png\" alt=\"MELO CRONICA\" width=\"300\" height=\"239\" srcset=\"https:\/\/uar.es\/wp-content\/uploads\/2018\/04\/MELO-CRONICA-300x239.png 300w, https:\/\/uar.es\/wp-content\/uploads\/2018\/04\/MELO-CRONICA.png 305w\" sizes=\"(max-width: 300px) 100vw, 300px\" \/><\/a><\/p>\n<p style=\"text-align: center\"><span style=\"text-decoration: underline\"><strong>Campionat de relleus sub 12, 14 i 16<\/strong><\/span><\/p>\n<p>Aquest dissabte 7 d\u2019abril es va celebrar a Vic la jornada pr\u00e8via del camionat de relleus sub 12,14\u00a0 i 16 amb una representaci\u00f3 de Rub\u00ed amb\u00a0 9 equips de relleus de les tres categories.<\/p>\n<p style=\"text-align: justify\">Cal destacar\u00a0 equips que van assolir arribar a les finals del campionat de Catalunya com l\u2019 equip sub 12 en el 4x60m composat per\u00a0l \u2018Ivan Garc\u00eda Rom\u00e1n,\u00a0 el Juan Garc\u00eda Tobi,\u00a0 l\u2019 Alex Rius Aznar i el Jordi Serra Embuena amb un temps de 35,74. A la mateixa categoria per\u00f2 al relleu 3x600m tamb\u00e9 van aconseguir fer-se un lloc a la final l\u2019 Alex Rius Aznar, l \u2018Ivan Garc\u00eda Rom\u00e1n i el Jordi Serra Embuena amb un temps de 6:03.08<\/p>\n<p style=\"text-align: justify\">No ens podem oblidar altres equips per\u00f2 a la categoria sub14 al 4x80m com el Pol Cordero Cazorla, el Marc L\u00f3pez Sala, l\u2019 Adri\u00e0 Mac\u00edas Fern\u00e1ndez i el Jan Vila Zapater amb un temps de 42,64 i el mateix equip va aconseguir fer final amb el 2n millor temps\u00a0 al 4x200m amb un temps de 1:53.57.<\/p>\n<p><a href=\"http:\/\/uar.es\/wp-content\/uploads\/2018\/04\/26442630657_91cc4e4b3f_o.jpg\"><img loading=\"lazy\" class=\"alignnone size-medium wp-image-2165 aligncenter\" src=\"http:\/\/uar.es\/wp-content\/uploads\/2018\/04\/26442630657_91cc4e4b3f_o-199x300.jpg\" alt=\"26442630657_91cc4e4b3f_o\" width=\"199\" height=\"300\" srcset=\"https:\/\/uar.es\/wp-content\/uploads\/2018\/04\/26442630657_91cc4e4b3f_o-199x300.jpg 199w, https:\/\/uar.es\/wp-content\/uploads\/2018\/04\/26442630657_91cc4e4b3f_o.jpg 398w\" sizes=\"(max-width: 199px) 100vw, 199px\" \/><\/a><\/p>\n<p style=\"text-align: center\"><a href=\"http:\/\/uar.es\/wp-content\/uploads\/2018\/04\/equip-mascu\u00ed-sub-14.jpeg\"><img loading=\"lazy\" class=\"alignnone size-medium wp-image-2166\" src=\"http:\/\/uar.es\/wp-content\/uploads\/2018\/04\/equip-mascu\u00ed-sub-14-300x169.jpeg\" alt=\"equip mascu\u00ed sub 14\" width=\"300\" height=\"169\" srcset=\"https:\/\/uar.es\/wp-content\/uploads\/2018\/04\/equip-mascu\u00ed-sub-14-300x169.jpeg 300w, https:\/\/uar.es\/wp-content\/uploads\/2018\/04\/equip-mascu\u00ed-sub-14-500x281.jpeg 500w, https:\/\/uar.es\/wp-content\/uploads\/2018\/04\/equip-mascu\u00ed-sub-14.jpeg 600w\" sizes=\"(max-width: 300px) 100vw, 300px\" \/><\/a><\/p>\n","protected":false},"excerpt":{"rendered":"<p>Ignasi Melo doble campi\u00f3 de Europa de veterans L&#8217;atleta de l&#8217;UAR\u00a0 Ignasi Melo, ha fet\u00a0 doblet en els recents Campionats d&#8217;Europa\u00a0 de veterans celebrats a Madrid\u00a0del 19-24 de Mar\u00e7. Melo, marxador hist\u00f2ric de categor\u00eda M65 va aconseguir\u00a0dos ors\u00a0en les proves de Marxa atl\u00e8tica\u00a0: 3000 m\u00a0Pista Coberta amb un temps de 15&#8217;10\u00bb i\u00a0 5000 m Ruta [&hellip;]<\/p>\n","protected":false},"author":9,"featured_media":0,"comment_status":"closed","ping_status":"closed","sticky":false,"template":"","format":"standard","meta":[],"categories":[2],"tags":[],"_links":{"self":[{"href":"https:\/\/uar.es\/index.php?rest_route=\/wp\/v2\/posts\/2164"}],"collection":[{"href":"https:\/\/uar.es\/index.php?rest_route=\/wp\/v2\/posts"}],"about":[{"href":"https:\/\/uar.es\/index.php?rest_route=\/wp\/v2\/types\/post"}],"author":[{"embeddable":true,"href":"https:\/\/uar.es\/index.php?rest_route=\/wp\/v2\/users\/9"}],"replies":[{"embeddable":true,"href":"https:\/\/uar.es\/index.php?rest_route=%2Fwp%2Fv2%2Fcomments&post=2164"}],"version-history":[{"count":3,"href":"https:\/\/uar.es\/index.php?rest_route=\/wp\/v2\/posts\/2164\/revisions"}],"predecessor-version":[{"id":2170,"href":"https:\/\/uar.es\/index.php?rest_route=\/wp\/v2\/posts\/2164\/revisions\/2170"}],"wp:attachment":[{"href":"https:\/\/uar.es\/index.php?rest_route=%2Fwp%2Fv2%2Fmedia&parent=2164"}],"wp:term":[{"taxonomy":"category","embeddable":true,"href":"https:\/\/uar.es\/index.php?rest_route=%2Fwp%2Fv2%2Fcategories&post=2164"},{"taxonomy":"post_tag","embeddable":true,"href":"https:\/\/uar.es\/index.php?rest_route=%2Fwp%2Fv2%2Ftags&post=2164"}],"curies":[{"name":"wp","href":"https:\/\/api.w.org\/{rel}","templated":true}]}}