{"id":2175,"date":"2018-04-26T13:38:44","date_gmt":"2018-04-26T11:38:44","guid":{"rendered":"http:\/\/uar.es\/?p=2175"},"modified":"2018-04-26T13:38:44","modified_gmt":"2018-04-26T11:38:44","slug":"bona-actuacio-dels-atletes-del-uar-al-3er-gran-premi-de-marxa-de-sant-cugat","status":"publish","type":"post","link":"https:\/\/uar.es\/?p=2175","title":{"rendered":"Bona actuaci\u00f3 dels atletes del UAR al 3er. Gran Premi de Marxa de Sant Cugat"},"content":{"rendered":"<p style=\"text-align: justify\">El passat 7 d&#8217;Abril l&#8217;UAR va presentar 8\u00a0atletes en el Meeting de Marxa de les pistes de la Guinardera.<\/p>\n<p style=\"text-align: justify\">Podem destacar els bons resultats com el de la Lucia Garcia\u00a0 3a en 1km a la categoria sub 10 amb un temps de 7\u201904\u201d i 5\u00e0 la Paula Gombau a la mateixa prova.<\/p>\n<p style=\"text-align: justify\">A la categoria masculina i mateixa categoria destaquem el 4t lloc de l\u2019 Ivan Molina amb un temps de 6\u201933 i 8\u00e8 el Ferran Meg\u00edas.<\/p>\n<ul>\n<li style=\"text-align: justify\">En Sub 12 i sobre 2 km: Gemma Vel\u00e1zquez va fer 8\u00aa en 14&#8217;45\u00bb<\/li>\n<li style=\"text-align: justify\">En Sub 14 i sobre\u00a03 km: Luc\u00eda Vel\u00e1zquez va fer 12\u00aa en 23&#8217;21\u00bb<\/li>\n<li style=\"text-align: justify\">En Sub 16 i sobre\u00a03 km: Luc\u00eda\u00a0Tejero va fer 4\u00aa en 17&#8217;24\u00bb<\/li>\n<\/ul>\n<p style=\"text-align: justify\">I el que ja ens t\u00e9 acostumats \u00e9s el nostre veter\u00e0, Ignasi Melo que va ser el vencedor de la categoria sobre 5 Km (25&#8217;28\u00bb)<\/p>\n<p style=\"text-align: justify\">Tamb\u00e9 cal destacar la bona actuaci\u00f3 dels nostres equips de relleus sub 10 o benjamins a la jornada pr\u00e8via al campionat de Catalunya i celebrada el passat dissabte 14 d\u2019abril a Santa Coloma en un dia pluj\u00f3s on cal remarcar els nostres equips als relleus de 4x60m<\/p>\n<p style=\"text-align: justify\">El Xavi Borrella Callejas, el Adam Daafi Habboud, El Ferran Meg\u00edas Fornell i el Guillem Meg\u00edas Formell que van quedar 2ns a la seva s\u00e8rie amb un temps de\u00a0 42.7.<\/p>\n<p style=\"text-align: justify\">Tamb\u00e9 la Rita Amador Giralt, l\u2019 Emma Dublino Tapiador, la Lucia Garcia Romero i\u00a0 la Paula Gombau Mart\u00ednez que van quedar 3es a la seva s\u00e8rie amb un temps de 43.4<\/p>\n<p style=\"text-align: justify\">Tots dos equips classificats per a la final que se celebrar\u00e0 aquet dissabte 21 d\u2019 abril a Tarragona a la qual hem d\u2019afegir l\u2019altra equip d\u2019infantils mascul\u00ed que tamb\u00e9 ha arribat a la final de relleus<\/p>\n<p><a href=\"http:\/\/uar.es\/wp-content\/uploads\/2018\/04\/gemma-Vel\u00e0zquez-3a-en-marxa.jpg\"><img loading=\"lazy\" class=\"alignnone size-medium wp-image-2176 aligncenter\" src=\"http:\/\/uar.es\/wp-content\/uploads\/2018\/04\/gemma-Vel\u00e0zquez-3a-en-marxa-300x230.jpg\" alt=\"gemma Vel\u00e0zquez 3a en marxa\" width=\"300\" height=\"230\" srcset=\"https:\/\/uar.es\/wp-content\/uploads\/2018\/04\/gemma-Vel\u00e0zquez-3a-en-marxa-300x230.jpg 300w, https:\/\/uar.es\/wp-content\/uploads\/2018\/04\/gemma-Vel\u00e0zquez-3a-en-marxa.jpg 461w\" sizes=\"(max-width: 300px) 100vw, 300px\" \/><\/a><\/p>\n<p style=\"text-align: center\"><a href=\"http:\/\/uar.es\/wp-content\/uploads\/2018\/04\/ignasi-melo-1r.jpg\"><img loading=\"lazy\" class=\"alignnone size-medium wp-image-2177\" src=\"http:\/\/uar.es\/wp-content\/uploads\/2018\/04\/ignasi-melo-1r-300x261.jpg\" alt=\"ignasi melo 1r\" width=\"300\" height=\"261\" srcset=\"https:\/\/uar.es\/wp-content\/uploads\/2018\/04\/ignasi-melo-1r-300x261.jpg 300w, https:\/\/uar.es\/wp-content\/uploads\/2018\/04\/ignasi-melo-1r-500x434.jpg 500w, https:\/\/uar.es\/wp-content\/uploads\/2018\/04\/ignasi-melo-1r.jpg 600w\" sizes=\"(max-width: 300px) 100vw, 300px\" \/><\/a><\/p>\n<p>&nbsp;<\/p>\n","protected":false},"excerpt":{"rendered":"<p>El passat 7 d&#8217;Abril l&#8217;UAR va presentar 8\u00a0atletes en el Meeting de Marxa de les pistes de la Guinardera. Podem destacar els bons resultats com el de la Lucia Garcia\u00a0 3a en 1km a la categoria sub 10 amb un temps de 7\u201904\u201d i 5\u00e0 la Paula Gombau a la mateixa prova. A la categoria [&hellip;]<\/p>\n","protected":false},"author":9,"featured_media":0,"comment_status":"closed","ping_status":"closed","sticky":false,"template":"","format":"standard","meta":[],"categories":[2],"tags":[],"_links":{"self":[{"href":"https:\/\/uar.es\/index.php?rest_route=\/wp\/v2\/posts\/2175"}],"collection":[{"href":"https:\/\/uar.es\/index.php?rest_route=\/wp\/v2\/posts"}],"about":[{"href":"https:\/\/uar.es\/index.php?rest_route=\/wp\/v2\/types\/post"}],"author":[{"embeddable":true,"href":"https:\/\/uar.es\/index.php?rest_route=\/wp\/v2\/users\/9"}],"replies":[{"embeddable":true,"href":"https:\/\/uar.es\/index.php?rest_route=%2Fwp%2Fv2%2Fcomments&post=2175"}],"version-history":[{"count":1,"href":"https:\/\/uar.es\/index.php?rest_route=\/wp\/v2\/posts\/2175\/revisions"}],"predecessor-version":[{"id":2178,"href":"https:\/\/uar.es\/index.php?rest_route=\/wp\/v2\/posts\/2175\/revisions\/2178"}],"wp:attachment":[{"href":"https:\/\/uar.es\/index.php?rest_route=%2Fwp%2Fv2%2Fmedia&parent=2175"}],"wp:term":[{"taxonomy":"category","embeddable":true,"href":"https:\/\/uar.es\/index.php?rest_route=%2Fwp%2Fv2%2Fcategories&post=2175"},{"taxonomy":"post_tag","embeddable":true,"href":"https:\/\/uar.es\/index.php?rest_route=%2Fwp%2Fv2%2Ftags&post=2175"}],"curies":[{"name":"wp","href":"https:\/\/api.w.org\/{rel}","templated":true}]}}