{"id":2216,"date":"2018-05-24T11:03:13","date_gmt":"2018-05-24T09:03:13","guid":{"rendered":"http:\/\/uar.es\/?p=2216"},"modified":"2018-05-24T22:02:26","modified_gmt":"2018-05-24T20:02:26","slug":"primer-casal-destiu-a-la-uar","status":"publish","type":"post","link":"https:\/\/uar.es\/?p=2216","title":{"rendered":"PRIMER CASAL D&#8217;ESTIU A LA UAR"},"content":{"rendered":"<p style=\"text-align: justify\">Enguany s\u2019inaugura el primer Casal d\u2019Estiu de la Uni\u00f3 Atl\u00e8tica Rub\u00ed.<\/p>\n<p style=\"text-align: justify\">Es dura a terme del 25 de juny al 27 de juliol i va adre\u00e7at a infants i joves nascuts entre el 2005 i el 2012.<\/p>\n<p style=\"text-align: justify\">L\u2019<strong>horari<\/strong> ser\u00e0 de 10 a 14h amb opci\u00f3 del servei d\u2019acollida de 8:30 a 10h.<\/p>\n<p style=\"text-align: justify\">Els <strong>objectius principals<\/strong> del casal son:<\/p>\n<ul style=\"text-align: justify\">\n<li>Practicar molts esports, mullar-nos i jugar amb l\u2019aigua<\/li>\n<li>Divertir als nois\/es amb diferents activitats.<\/li>\n<\/ul>\n<p style=\"text-align: justify\">Es durant a terme diferents <strong>activitats:<\/strong> esports b\u00e0sics, piscina di\u00e0riament, jocs tradicions, activitats d\u2019expressi\u00f3, tallers, can\u00e7ons&#8230;.una gran ventall per poder-nos divertir durant les vacances d\u2019estiu.<\/p>\n<p style=\"text-align: justify\">El <strong>per\u00edode d\u2019inscripcions<\/strong> es del 21 de maig al 14 de juny per les tardes a la pista d\u2019atletisme de Can Roses. Aquestes inscripcions aniran per ordre d\u2019inscripcions fins a exhaurir les places per torn.<\/p>\n<p style=\"text-align: justify\">Es realitzar\u00e0 una <strong>reuni\u00f3 informativa<\/strong> el dijous 15 de juny a les 18:30 a al pista d\u2019atletisme.<\/p>\n<ul style=\"text-align: justify\">\n<li>Preus per torn: 50\u20ac<\/li>\n<li>Servei d\u2019acollida: 3\u20ac\/dia o 10\u20ac\/torn<\/li>\n<\/ul>\n<p style=\"text-align: justify\">Aquelles fam\u00edlies que apuntin a germans i\/o s\u2019inscriuen en tres o m\u00e9s torns es bonificaran d\u2019un 5% de descompte en el total del preu.<\/p>\n<p style=\"text-align: justify\">S\u2019ha de pagar directament una vegada omplert el full d\u2019inscripci\u00f3 i adjuntada la documentaci\u00f3. \u00danicament cal adjuntar els documents una vegada, independentment de si es fan m\u00e9s torns.<\/p>\n<p style=\"text-align: justify\"><a href=\"http:\/\/uar.es\/wp-content\/uploads\/2018\/05\/AUTORITZACI\u00d3-DE-PARTICIPACI\u00d3-FITXA-DE-SALUTt.pdf\">Acc\u00e9s a la fitxa d\u2019autoritzaci\u00f3 i fitxa de salut <\/a>\u00a0de l\u2019infant\/jove. Aquest document es necessari per poder formalitzar la inscripci\u00f3.<\/p>\n","protected":false},"excerpt":{"rendered":"<p>Enguany s\u2019inaugura el primer Casal d\u2019Estiu de la Uni\u00f3 Atl\u00e8tica Rub\u00ed. Es dura a terme del 25 de juny al 27 de juliol i va adre\u00e7at a infants i joves nascuts entre el 2005 i el 2012. L\u2019horari ser\u00e0 de 10 a 14h amb opci\u00f3 del servei d\u2019acollida de 8:30 a 10h. Els objectius principals [&hellip;]<\/p>\n","protected":false},"author":9,"featured_media":0,"comment_status":"closed","ping_status":"closed","sticky":false,"template":"","format":"standard","meta":[],"categories":[2],"tags":[],"_links":{"self":[{"href":"https:\/\/uar.es\/index.php?rest_route=\/wp\/v2\/posts\/2216"}],"collection":[{"href":"https:\/\/uar.es\/index.php?rest_route=\/wp\/v2\/posts"}],"about":[{"href":"https:\/\/uar.es\/index.php?rest_route=\/wp\/v2\/types\/post"}],"author":[{"embeddable":true,"href":"https:\/\/uar.es\/index.php?rest_route=\/wp\/v2\/users\/9"}],"replies":[{"embeddable":true,"href":"https:\/\/uar.es\/index.php?rest_route=%2Fwp%2Fv2%2Fcomments&post=2216"}],"version-history":[{"count":2,"href":"https:\/\/uar.es\/index.php?rest_route=\/wp\/v2\/posts\/2216\/revisions"}],"predecessor-version":[{"id":2219,"href":"https:\/\/uar.es\/index.php?rest_route=\/wp\/v2\/posts\/2216\/revisions\/2219"}],"wp:attachment":[{"href":"https:\/\/uar.es\/index.php?rest_route=%2Fwp%2Fv2%2Fmedia&parent=2216"}],"wp:term":[{"taxonomy":"category","embeddable":true,"href":"https:\/\/uar.es\/index.php?rest_route=%2Fwp%2Fv2%2Fcategories&post=2216"},{"taxonomy":"post_tag","embeddable":true,"href":"https:\/\/uar.es\/index.php?rest_route=%2Fwp%2Fv2%2Ftags&post=2216"}],"curies":[{"name":"wp","href":"https:\/\/api.w.org\/{rel}","templated":true}]}}