{"id":2223,"date":"2018-05-30T11:17:43","date_gmt":"2018-05-30T09:17:43","guid":{"rendered":"http:\/\/uar.es\/?p=2223"},"modified":"2018-06-04T10:38:46","modified_gmt":"2018-06-04T08:38:46","slug":"mes-podiums-de-la-u-a-r","status":"publish","type":"post","link":"https:\/\/uar.es\/?p=2223","title":{"rendered":"M\u00c9S P\u00d2DIUMS DE LA U.A.R."},"content":{"rendered":"<p style=\"text-align: center\"><span style=\"text-decoration: underline\">CAMPIONAT D\u2019EUROPA EN RUTA DE VETERANS.<\/span><\/p>\n<p style=\"text-align: justify\">Del 18 al 20 de maig es va celebrar el Campionat d\u2019Europa en tura de veterans a Alacant, la UAR va tenir participaci\u00f3 d\u2019<strong>Ignasi Melo, que es va proclamar doble Campi\u00f3 d\u2019Europa<\/strong>.<\/p>\n<p style=\"text-align: justify\">L&#8217;atleta de l&#8217;UAR va realitzar una proesa al competir i guanyar en 2 dies consecutius 18 i 19 Maig\u00a0en les proves de 10 i 30 Km marxa atl\u00e8tica.<\/p>\n<p style=\"text-align: justify\">El divendres 18 va fer 10 Km en un crono de 55&#8217;52\u00bb al ritme just per guanyar i reservar forces per l&#8217;endem\u00e0. El va acompanyar al podi un franc\u00e8s i un alem\u00e0.<\/p>\n<p style=\"text-align: justify\">El dissabte 19 la prova de 30Km era\u00a0dura i exigent. Mols pocs atletes van doblar i menys guanyar les dues.<\/p>\n<p style=\"text-align: justify\">La tarda era ideal, 24\u00ba, la ruta era pel passeig mar\u00edtim i ple de gent, Melo va fer una bona cursa, a ritme constant acabant\u00a0extenuat per\u00f2 fent\u00a0un temps de 3h.3&#8217;17\u00bb\u00a0(nou r\u00e8cord d&#8217;Espanya) i seguit d&#8217;un itali\u00e0 i d&#8217;un alem\u00e0.<\/p>\n<p style=\"text-align: justify\">Actualment Melo posseeix \u00a017 r\u00e8cords d&#8217;Espanya en diferents categories i dist\u00e0ncies, i aquest any porta 4 vict\u00f2ries en dos Campionats Europeus en 3,5,10 i 30Km.<\/p>\n<p style=\"text-align: justify\">Els dos nous records son els seg\u00fcents:<\/p>\n<ol>\n<li style=\"text-align: justify\">10.000 m M.\u00a0pista , 53.24.6\u00a0 en Montorn\u00e9s del Vall\u00e9s el 13 de maig, 13<\/li>\n<li style=\"text-align: justify\">30Km M.\u00a0ruta ; 3h.03.17 en Alicante\u00a0el 19 de maig<\/li>\n<\/ol>\n<p style=\"text-align: center\"><a href=\"http:\/\/uar.es\/wp-content\/uploads\/2018\/05\/WhatsApp-Image-2018-05-18-at-15.32.23.jpeg\"><img loading=\"lazy\" class=\"alignnone size-medium wp-image-2224\" src=\"http:\/\/uar.es\/wp-content\/uploads\/2018\/05\/WhatsApp-Image-2018-05-18-at-15.32.23-300x169.jpeg\" alt=\"WhatsApp Image 2018-05-18 at 15.32.23\" width=\"300\" height=\"169\" srcset=\"https:\/\/uar.es\/wp-content\/uploads\/2018\/05\/WhatsApp-Image-2018-05-18-at-15.32.23-300x169.jpeg 300w, https:\/\/uar.es\/wp-content\/uploads\/2018\/05\/WhatsApp-Image-2018-05-18-at-15.32.23-500x281.jpeg 500w, https:\/\/uar.es\/wp-content\/uploads\/2018\/05\/WhatsApp-Image-2018-05-18-at-15.32.23.jpeg 600w\" sizes=\"(max-width: 300px) 100vw, 300px\" \/><\/a><\/p>\n<p style=\"text-align: center\"><span style=\"text-decoration: underline\">CAMPIONAT DE CATALUNYA DE PROVES COMBINADES<\/span><\/p>\n<p style=\"text-align: justify\">El passat cap de setmana, 26 i 27 de maig, es va disputar el Campionat de Catalunya de Proves Combinades a l\u2019Estadi Joan Serrahima de Barcelona. Es van celebrar els auton\u00f2mics de les categories absolut, sub23, sub20 i sub18, aix\u00ed com el Campionat de Catalunya de Proves Combinades per a les categories de promoci\u00f3 sub12, sub14 i sub16.<\/p>\n<p style=\"text-align: justify\">La UAR va tenir participaci\u00f3 de <strong>Gerard Merino, que va quedar 3r de Catalunya<\/strong> sub 18 amb una puntuaci\u00f3 total de 5636 punts. Va realitzar una gran combinada, ja que va millorar moltes marques personals i a m\u00e9s a m\u00e9s \u00e9s va fer la m\u00ednima per poder participar al Campionat d\u2019Espanya del proper 23 i 24 de juny a Gijon.<\/p>\n<table style=\"height: 85px\">\n<tbody>\n<tr>\n<td width=\"44\"><\/td>\n<td width=\"51\">100<\/td>\n<td width=\"65\">Llargada<\/td>\n<td width=\"50\">Pes<\/td>\n<td width=\"56\">Al\u00e7ada<\/td>\n<td width=\"51\">400<\/td>\n<td width=\"52\">110t<\/td>\n<td width=\"51\">Disc<\/td>\n<td width=\"54\">Perxa<\/td>\n<td width=\"60\">Javelina<\/td>\n<td width=\"46\">1500<\/td>\n<\/tr>\n<tr>\n<td width=\"44\">Gerard<\/td>\n<td width=\"51\">11.74<\/td>\n<td width=\"65\">6.56<\/td>\n<td width=\"50\">10.71<\/td>\n<td width=\"56\">1.68<\/td>\n<td width=\"51\">53.06<\/td>\n<td width=\"52\">16.29<\/td>\n<td width=\"51\">21.98<\/td>\n<td width=\"54\">3.30<\/td>\n<td width=\"60\">36.16<\/td>\n<td width=\"46\">4.43.30<\/td>\n<\/tr>\n<\/tbody>\n<\/table>\n<p style=\"text-align: justify\"><strong>Ivan Garcia,<\/strong> atleta sub 12 tamb\u00e9 va participar al Campionat de Catalunya, va quedar <strong>subcampi\u00f3<\/strong> en l\u2019especialitat de tetratl\u00f3 amb un total de 1371 punts. Les marques van ser les seg\u00fcents: en 60 metros llisos 8.44, en llargada 4.64 metres, en llan\u00e7ament de pes 7.80 metres i en al\u00e7ada va saltar 1.32.<\/p>\n<p><a href=\"http:\/\/uar.es\/wp-content\/uploads\/2018\/05\/IVAN-GARCIA-SUBCAMPI\u00d32018-05-27-at-21.35.54.jpeg\"><img loading=\"lazy\" class=\"alignnone size-medium wp-image-2226 aligncenter\" src=\"http:\/\/uar.es\/wp-content\/uploads\/2018\/05\/IVAN-GARCIA-SUBCAMPI\u00d32018-05-27-at-21.35.54-300x146.jpeg\" alt=\"IVAN GARCIA SUBCAMPI\u00d32018-05-27 at 21.35.54\" width=\"300\" height=\"146\" srcset=\"https:\/\/uar.es\/wp-content\/uploads\/2018\/05\/IVAN-GARCIA-SUBCAMPI\u00d32018-05-27-at-21.35.54-300x146.jpeg 300w, https:\/\/uar.es\/wp-content\/uploads\/2018\/05\/IVAN-GARCIA-SUBCAMPI\u00d32018-05-27-at-21.35.54-500x243.jpeg 500w, https:\/\/uar.es\/wp-content\/uploads\/2018\/05\/IVAN-GARCIA-SUBCAMPI\u00d32018-05-27-at-21.35.54.jpeg 600w\" sizes=\"(max-width: 300px) 100vw, 300px\" \/><\/a><\/p>\n<p><a href=\"http:\/\/uar.es\/wp-content\/uploads\/2018\/05\/GERARD-MERINO-3R.jpg\"><img loading=\"lazy\" class=\"alignnone size-medium wp-image-2225 aligncenter\" src=\"http:\/\/uar.es\/wp-content\/uploads\/2018\/05\/GERARD-MERINO-3R-300x200.jpg\" alt=\"GERARD MERINO 3R\" width=\"300\" height=\"200\" srcset=\"https:\/\/uar.es\/wp-content\/uploads\/2018\/05\/GERARD-MERINO-3R-300x200.jpg 300w, https:\/\/uar.es\/wp-content\/uploads\/2018\/05\/GERARD-MERINO-3R-500x333.jpg 500w, https:\/\/uar.es\/wp-content\/uploads\/2018\/05\/GERARD-MERINO-3R.jpg 600w\" sizes=\"(max-width: 300px) 100vw, 300px\" \/><\/a><\/p>\n","protected":false},"excerpt":{"rendered":"<p>CAMPIONAT D\u2019EUROPA EN RUTA DE VETERANS. Del 18 al 20 de maig es va celebrar el Campionat d\u2019Europa en tura de veterans a Alacant, la UAR va tenir participaci\u00f3 d\u2019Ignasi Melo, que es va proclamar doble Campi\u00f3 d\u2019Europa. L&#8217;atleta de l&#8217;UAR va realitzar una proesa al competir i guanyar en 2 dies consecutius 18 i [&hellip;]<\/p>\n","protected":false},"author":9,"featured_media":0,"comment_status":"closed","ping_status":"closed","sticky":false,"template":"","format":"standard","meta":[],"categories":[2],"tags":[],"_links":{"self":[{"href":"https:\/\/uar.es\/index.php?rest_route=\/wp\/v2\/posts\/2223"}],"collection":[{"href":"https:\/\/uar.es\/index.php?rest_route=\/wp\/v2\/posts"}],"about":[{"href":"https:\/\/uar.es\/index.php?rest_route=\/wp\/v2\/types\/post"}],"author":[{"embeddable":true,"href":"https:\/\/uar.es\/index.php?rest_route=\/wp\/v2\/users\/9"}],"replies":[{"embeddable":true,"href":"https:\/\/uar.es\/index.php?rest_route=%2Fwp%2Fv2%2Fcomments&post=2223"}],"version-history":[{"count":6,"href":"https:\/\/uar.es\/index.php?rest_route=\/wp\/v2\/posts\/2223\/revisions"}],"predecessor-version":[{"id":2232,"href":"https:\/\/uar.es\/index.php?rest_route=\/wp\/v2\/posts\/2223\/revisions\/2232"}],"wp:attachment":[{"href":"https:\/\/uar.es\/index.php?rest_route=%2Fwp%2Fv2%2Fmedia&parent=2223"}],"wp:term":[{"taxonomy":"category","embeddable":true,"href":"https:\/\/uar.es\/index.php?rest_route=%2Fwp%2Fv2%2Fcategories&post=2223"},{"taxonomy":"post_tag","embeddable":true,"href":"https:\/\/uar.es\/index.php?rest_route=%2Fwp%2Fv2%2Ftags&post=2223"}],"curies":[{"name":"wp","href":"https:\/\/api.w.org\/{rel}","templated":true}]}}