{"id":2233,"date":"2018-06-04T23:05:22","date_gmt":"2018-06-04T21:05:22","guid":{"rendered":"http:\/\/uar.es\/?p=2233"},"modified":"2018-06-04T23:06:57","modified_gmt":"2018-06-04T21:06:57","slug":"2233","status":"publish","type":"post","link":"https:\/\/uar.es\/?p=2233","title":{"rendered":"DOS ORS I DOS BRONZES AL DE CATALUNYA SUB18 I PARTICIPACI\u00d3 AL CAMPIONAT D&#8217;ESPANYA SUB14"},"content":{"rendered":"<p style=\"text-align: center\"><u>CAMPIONAT DE CATALUNYA SUB18, 20 I 23<\/u><\/p>\n<p style=\"text-align: justify\">El passat cap de setmana, 2 i 3 de juny, es van celebrar els Campionats de Catalunya Sub18, Sub20 i Sub23 a l\u2019Estadi Joan Serrahima de Barcelona. Amb un extraordinari nivell de marques,\u00a0m\u00e9s d\u2019un miler d\u2019atletes catalans van participar en lluita pels t\u00edtols auton\u00f2mics. Les competicions es van desenvolupar en horari de mat\u00ed i tarda durant tot el cap de setmana.<\/p>\n<p style=\"text-align: justify\">Per part de la UAR vam tenir una gran participaci\u00f3 i una gran pluja de medalles i finalistes.<\/p>\n<p style=\"text-align: justify\">En la categoria sub18 vam obtenir <span style=\"text-decoration: underline\">dos ors i dos bronzes<\/span>. <strong>Jan Badia i Kilian Miras<\/strong> van quedar campions de Catalunya en les seves respectives proves, a m\u00e9s a m\u00e9s, Badia tamb\u00e9 va quedar tercer en una altra prova. <strong>Gerard Merino<\/strong> va ser l\u2019altre protagonista que va aconseguir la medalla de bronze.<\/p>\n<p>Badia en els 2000 obstacles va aconseguir l\u2019or amb una marca de 6:16.36 i el bronze en al\u00e7ada amb una marca de 1.86.<\/p>\n<p style=\"text-align: justify\">En el llan\u00e7ament de pes, Miras va aconseguir l\u2019or amb una marca de 16.01, molt a prop de batre el record dels campionats.<\/p>\n<p style=\"text-align: justify\">Per la seva part, Merino, va aconseguir el bronze en llargada amb un salt de 6.58.<\/p>\n<p style=\"text-align: justify\"><strong>David Jimenez<\/strong> tamb\u00e9 va fer el salt de llargada, \u00e9s va quedar a dos cent\u00edmetres de la medalla, ja que va saltar 6.56 i es va quedar amb una 5ena posici\u00f3. A m\u00e9s a m\u00e9s tamb\u00e9 va fer els 100 metres llisos, parant el cron\u00f2metre en 11.34 a la final i quedant en una 7ena posici\u00f3.<\/p>\n<p style=\"text-align: justify\"><strong>Jan Soler<\/strong>, va realitzar els 3000 metres llisos, va fer marca persona amb 9:18.94 i va quedar en una 5ena posici\u00f3.<\/p>\n<p style=\"text-align: justify\">L\u2019\u00fanica representaci\u00f3 femenina va ser de la <strong>Marta Queralto<\/strong> en el llan\u00e7ament de pes, va realitzar una marca personal de 10.10 metres i es va quedar 6ena.<\/p>\n<p style=\"text-align: justify\">En la categoria Sub23 vam tenir una \u00fanica representaci\u00f3, la del <strong>Oriol Bravo<\/strong> en els 400 metres tanques. Aquest va fer la semifinal amb un registre de 59.30 i en la final va quedar en una 7ena posici\u00f3 amb un registre de 1:03:12.<\/p>\n<p style=\"text-align: justify\">Ha estat un gran cap de setmana per la UAR. A m\u00e9s a m\u00e9s, la gran majoria d\u2019aquests aniran al Campionat d\u2019Espanya, on els hi desitgem molta sort!<\/p>\n<p style=\"text-align: center\"><a href=\"http:\/\/uar.es\/wp-content\/uploads\/2018\/06\/LRG_DSC00215.jpg\"><img loading=\"lazy\" class=\"alignnone size-medium wp-image-2234 aligncenter\" src=\"http:\/\/uar.es\/wp-content\/uploads\/2018\/06\/LRG_DSC00215-300x200.jpg\" alt=\"LRG_DSC00215\" width=\"300\" height=\"200\" srcset=\"https:\/\/uar.es\/wp-content\/uploads\/2018\/06\/LRG_DSC00215-300x200.jpg 300w, https:\/\/uar.es\/wp-content\/uploads\/2018\/06\/LRG_DSC00215-500x333.jpg 500w, https:\/\/uar.es\/wp-content\/uploads\/2018\/06\/LRG_DSC00215.jpg 600w\" sizes=\"(max-width: 300px) 100vw, 300px\" \/><\/a> \u00a0<a href=\"http:\/\/uar.es\/wp-content\/uploads\/2018\/06\/IMG_3236.jpg\"><img loading=\"lazy\" class=\"alignnone size-medium wp-image-2237\" src=\"http:\/\/uar.es\/wp-content\/uploads\/2018\/06\/IMG_3236-300x227.jpg\" alt=\"IMG_3236\" width=\"300\" height=\"227\" srcset=\"https:\/\/uar.es\/wp-content\/uploads\/2018\/06\/IMG_3236-300x227.jpg 300w, https:\/\/uar.es\/wp-content\/uploads\/2018\/06\/IMG_3236-500x378.jpg 500w, https:\/\/uar.es\/wp-content\/uploads\/2018\/06\/IMG_3236.jpg 600w\" sizes=\"(max-width: 300px) 100vw, 300px\" \/><\/a><\/p>\n<p style=\"text-align: center\"><a href=\"http:\/\/uar.es\/wp-content\/uploads\/2018\/06\/WhatsApp-Image-2018-06-03-at-18.50.22.jpeg\"><img loading=\"lazy\" class=\"alignnone size-medium wp-image-2238\" src=\"http:\/\/uar.es\/wp-content\/uploads\/2018\/06\/WhatsApp-Image-2018-06-03-at-18.50.22-300x225.jpeg\" alt=\"WhatsApp Image 2018-06-03 at 18.50.22\" width=\"300\" height=\"225\" srcset=\"https:\/\/uar.es\/wp-content\/uploads\/2018\/06\/WhatsApp-Image-2018-06-03-at-18.50.22-300x225.jpeg 300w, https:\/\/uar.es\/wp-content\/uploads\/2018\/06\/WhatsApp-Image-2018-06-03-at-18.50.22-500x375.jpeg 500w, https:\/\/uar.es\/wp-content\/uploads\/2018\/06\/WhatsApp-Image-2018-06-03-at-18.50.22.jpeg 600w\" sizes=\"(max-width: 300px) 100vw, 300px\" \/><\/a><\/p>\n<p style=\"text-align: center\">\u00a0<a href=\"http:\/\/uar.es\/wp-content\/uploads\/2018\/06\/IMG_2791.jpg\"><img loading=\"lazy\" class=\"alignnone size-medium wp-image-2235\" src=\"http:\/\/uar.es\/wp-content\/uploads\/2018\/06\/IMG_2791-300x225.jpg\" alt=\"IMG_2791\" width=\"300\" height=\"225\" srcset=\"https:\/\/uar.es\/wp-content\/uploads\/2018\/06\/IMG_2791-300x225.jpg 300w, https:\/\/uar.es\/wp-content\/uploads\/2018\/06\/IMG_2791-500x375.jpg 500w, https:\/\/uar.es\/wp-content\/uploads\/2018\/06\/IMG_2791.jpg 600w\" sizes=\"(max-width: 300px) 100vw, 300px\" \/><\/a><\/p>\n<p style=\"text-align: center\"><u>CAMPIONAT D\u2019ESPANYA SUB14<\/u><\/p>\n<p style=\"text-align: justify\">Dos atletes de la U.A. RUB\u00cd van anar a San Fernando, C\u00e1diz al campionat d\u2019 Espanya de proves combinades. S\u00f3n el <strong>Marc L\u00f3pez Sala<\/strong> i la <strong>Violeta Vilches Segura<\/strong> que van fer les proves de salt de llargada, javelina i 1000mll. El nivell competitiu va ser molt alt on van anar els millors atletes de les diferents autonomies i clubs d\u2019 Espanya i on no\u00a0 van poder optar als p\u00f2diums per\u00f2 cal remarcar les dues marques al salt de llargada amb 4,58m el Marc\u00a0 i 4,62 la Violeta.<\/p>\n<p><a href=\"http:\/\/uar.es\/wp-content\/uploads\/2018\/06\/20180603_110813.jpg\"><img loading=\"lazy\" class=\"alignnone size-medium wp-image-2239 aligncenter\" src=\"http:\/\/uar.es\/wp-content\/uploads\/2018\/06\/20180603_110813-169x300.jpg\" alt=\"20180603_110813\" width=\"169\" height=\"300\" srcset=\"https:\/\/uar.es\/wp-content\/uploads\/2018\/06\/20180603_110813-169x300.jpg 169w, https:\/\/uar.es\/wp-content\/uploads\/2018\/06\/20180603_110813.jpg 337w\" sizes=\"(max-width: 169px) 100vw, 169px\" \/><\/a><\/p>\n<p style=\"text-align: center\"><span style=\"text-decoration: underline\">NOTICIA D\u2019ULTIMA HORA<\/span><\/p>\n<p style=\"text-align: justify\">Jan Badia i Kilian Miras han estat seleccionats per participar al Campionat d\u2019Espanya per seleccions auton\u00f2miques d\u2019aquest cap de setmana. Els hi desitgem molta sort!<\/p>\n","protected":false},"excerpt":{"rendered":"<p>CAMPIONAT DE CATALUNYA SUB18, 20 I 23 El passat cap de setmana, 2 i 3 de juny, es van celebrar els Campionats de Catalunya Sub18, Sub20 i Sub23 a l\u2019Estadi Joan Serrahima de Barcelona. Amb un extraordinari nivell de marques,\u00a0m\u00e9s d\u2019un miler d\u2019atletes catalans van participar en lluita pels t\u00edtols auton\u00f2mics. Les competicions es van [&hellip;]<\/p>\n","protected":false},"author":9,"featured_media":0,"comment_status":"closed","ping_status":"closed","sticky":false,"template":"","format":"standard","meta":[],"categories":[2],"tags":[],"_links":{"self":[{"href":"https:\/\/uar.es\/index.php?rest_route=\/wp\/v2\/posts\/2233"}],"collection":[{"href":"https:\/\/uar.es\/index.php?rest_route=\/wp\/v2\/posts"}],"about":[{"href":"https:\/\/uar.es\/index.php?rest_route=\/wp\/v2\/types\/post"}],"author":[{"embeddable":true,"href":"https:\/\/uar.es\/index.php?rest_route=\/wp\/v2\/users\/9"}],"replies":[{"embeddable":true,"href":"https:\/\/uar.es\/index.php?rest_route=%2Fwp%2Fv2%2Fcomments&post=2233"}],"version-history":[{"count":3,"href":"https:\/\/uar.es\/index.php?rest_route=\/wp\/v2\/posts\/2233\/revisions"}],"predecessor-version":[{"id":2242,"href":"https:\/\/uar.es\/index.php?rest_route=\/wp\/v2\/posts\/2233\/revisions\/2242"}],"wp:attachment":[{"href":"https:\/\/uar.es\/index.php?rest_route=%2Fwp%2Fv2%2Fmedia&parent=2233"}],"wp:term":[{"taxonomy":"category","embeddable":true,"href":"https:\/\/uar.es\/index.php?rest_route=%2Fwp%2Fv2%2Fcategories&post=2233"},{"taxonomy":"post_tag","embeddable":true,"href":"https:\/\/uar.es\/index.php?rest_route=%2Fwp%2Fv2%2Ftags&post=2233"}],"curies":[{"name":"wp","href":"https:\/\/api.w.org\/{rel}","templated":true}]}}