{"id":2243,"date":"2018-06-12T22:43:17","date_gmt":"2018-06-12T20:43:17","guid":{"rendered":"http:\/\/uar.es\/?p=2243"},"modified":"2018-06-12T22:43:17","modified_gmt":"2018-06-12T20:43:17","slug":"campionat-de-catalunya-de-promocio","status":"publish","type":"post","link":"https:\/\/uar.es\/?p=2243","title":{"rendered":"CAMPIONAT DE CATALUNYA DE PROMOCI\u00d3"},"content":{"rendered":"<p style=\"text-align: justify\">Gran \u00e8xit de les categories inferiors de la U.A. RUB\u00cd al campionat de Catalunya a l\u2019aire lliure que es va celebrar el dissabte 9 de juny a Castellar del Vall\u00e8s.<\/p>\n<p style=\"text-align: justify\">Cal destacar l\u2019actuaci\u00f3 del<strong> Pol Cordero Cazorla<\/strong> va aconseguir un doblet essent campi\u00f3 de Catalunya al\u00a0 triple salt amb un salt d\u2019 11:38 metres i primer als 220 tanques amb un temps de 32:12<\/p>\n<p style=\"text-align: justify\">A la categoria sub 12 cal destacar a l\u2019<strong>Ivan Garcia Rom\u00e1n<\/strong> que va quedar 2n als 60m amb un temps de 8.64 i 2n al salt de llargada amb un salt de 4.56m<\/p>\n<p style=\"text-align: justify\"><strong>Valeria Olalla Gallego<\/strong> va aconseguir la 3a posici\u00f3 als 1000 mll \u00a0sub 14 amb un gran temps de 3:12,97 on ha pogut baixar la seva marca personal que tenia en 3:18 fent una gran carrera<\/p>\n<p style=\"text-align: justify\">L\u2019Alba Rodr\u00edguez Santos 4a als 150 mll amb un temps de 20:52.<\/p>\n<p style=\"text-align: justify\">Marc L\u00f3pez Sala 5\u00e8 als 1000m amb un temps de 3:01,64.<\/p>\n<p style=\"text-align: justify\">Violeta Vilches Segura que va quedar 7a als 80 tanques amb un temps de\u00a0 13:95\u00a0 i 9a al triple salt amb un salt de 9:79m.<\/p>\n<p style=\"text-align: justify\">Adri\u00e0 Mac\u00edas Fern\u00e1ndez 7\u00e8 als 3000 mll amb un temps de 10:49<\/p>\n<p style=\"text-align: justify\">Estefany Ba Moreta 8a amb una marca de 10:00 al llan\u00e7ament de pes.<\/p>\n<p style=\"text-align: justify\">Als 600 mll sub 12 el Jordi Serra Embuena va quedar 9\u00e8 amb un temps d\u2019 1:51.00<\/p>\n<p style=\"text-align: justify\">A la categoria sub 10 cal destacar l\u2019 Emma Dublino Tapiador al llan\u00e7ament de pilota que va quedar 4a amb un llan\u00e7ament de 19,65m i 11a a llargada amb 2.96m. A la mateixa prova l\u2019 Abril Segovia Velasco va quedar 9a amb 15,15m.<\/p>\n<p style=\"text-align: justify\">Als 1000m la Lucia Garvia Romero va quedar 7a amb un temps de 3:49.37<\/p>\n<p style=\"text-align: justify\">L\u2019 Ivan Molina Espina 9\u00e8 a 1000m marxa amb un temps de 6:06.59<\/p>\n<p><a href=\"http:\/\/uar.es\/wp-content\/uploads\/2018\/06\/POL-CORDERO-campi\u00f3-catalunya-triple.jpg\"><img loading=\"lazy\" class=\"alignnone size-medium wp-image-2244 aligncenter\" src=\"http:\/\/uar.es\/wp-content\/uploads\/2018\/06\/POL-CORDERO-campi\u00f3-catalunya-triple-300x200.jpg\" alt=\"POL CORDERO campi\u00f3 catalunya triple\" width=\"300\" height=\"200\" srcset=\"https:\/\/uar.es\/wp-content\/uploads\/2018\/06\/POL-CORDERO-campi\u00f3-catalunya-triple-300x200.jpg 300w, https:\/\/uar.es\/wp-content\/uploads\/2018\/06\/POL-CORDERO-campi\u00f3-catalunya-triple-500x333.jpg 500w, https:\/\/uar.es\/wp-content\/uploads\/2018\/06\/POL-CORDERO-campi\u00f3-catalunya-triple.jpg 600w\" sizes=\"(max-width: 300px) 100vw, 300px\" \/><\/a><\/p>\n<p><a href=\"http:\/\/uar.es\/wp-content\/uploads\/2018\/06\/POL-CORDERO-CAMPI\u00d3-CATALUNYA-220-TANQUES19.37.58.jpeg\"><img loading=\"lazy\" class=\"alignnone size-medium wp-image-2245 aligncenter\" src=\"http:\/\/uar.es\/wp-content\/uploads\/2018\/06\/POL-CORDERO-CAMPI\u00d3-CATALUNYA-220-TANQUES19.37.58-300x169.jpeg\" alt=\"POL CORDERO CAMPI\u00d3 CATALUNYA 220 TANQUES19.37.58\" width=\"300\" height=\"169\" srcset=\"https:\/\/uar.es\/wp-content\/uploads\/2018\/06\/POL-CORDERO-CAMPI\u00d3-CATALUNYA-220-TANQUES19.37.58-300x169.jpeg 300w, https:\/\/uar.es\/wp-content\/uploads\/2018\/06\/POL-CORDERO-CAMPI\u00d3-CATALUNYA-220-TANQUES19.37.58-500x282.jpeg 500w, https:\/\/uar.es\/wp-content\/uploads\/2018\/06\/POL-CORDERO-CAMPI\u00d3-CATALUNYA-220-TANQUES19.37.58.jpeg 600w\" sizes=\"(max-width: 300px) 100vw, 300px\" \/><\/a><\/p>\n<p><a href=\"http:\/\/uar.es\/wp-content\/uploads\/2018\/06\/VALERIA-OLALLA-3a.jpg\"><img loading=\"lazy\" class=\"alignnone size-medium wp-image-2246 aligncenter\" src=\"http:\/\/uar.es\/wp-content\/uploads\/2018\/06\/VALERIA-OLALLA-3a-300x225.jpg\" alt=\"VALERIA OLALLA 3a\" width=\"300\" height=\"225\" srcset=\"https:\/\/uar.es\/wp-content\/uploads\/2018\/06\/VALERIA-OLALLA-3a-300x225.jpg 300w, https:\/\/uar.es\/wp-content\/uploads\/2018\/06\/VALERIA-OLALLA-3a-500x375.jpg 500w, https:\/\/uar.es\/wp-content\/uploads\/2018\/06\/VALERIA-OLALLA-3a.jpg 600w\" sizes=\"(max-width: 300px) 100vw, 300px\" \/><\/a><\/p>\n<p style=\"text-align: center\"><a href=\"http:\/\/uar.es\/wp-content\/uploads\/2018\/06\/valeria-olalla.jpg\"><img loading=\"lazy\" class=\"alignnone size-medium wp-image-2247\" src=\"http:\/\/uar.es\/wp-content\/uploads\/2018\/06\/valeria-olalla-221x300.jpg\" alt=\"valeria olalla\" width=\"221\" height=\"300\" srcset=\"https:\/\/uar.es\/wp-content\/uploads\/2018\/06\/valeria-olalla-221x300.jpg 221w, https:\/\/uar.es\/wp-content\/uploads\/2018\/06\/valeria-olalla.jpg 441w\" sizes=\"(max-width: 221px) 100vw, 221px\" \/><\/a><\/p>\n","protected":false},"excerpt":{"rendered":"<p>Gran \u00e8xit de les categories inferiors de la U.A. RUB\u00cd al campionat de Catalunya a l\u2019aire lliure que es va celebrar el dissabte 9 de juny a Castellar del Vall\u00e8s. Cal destacar l\u2019actuaci\u00f3 del Pol Cordero Cazorla va aconseguir un doblet essent campi\u00f3 de Catalunya al\u00a0 triple salt amb un salt d\u2019 11:38 metres i [&hellip;]<\/p>\n","protected":false},"author":9,"featured_media":0,"comment_status":"closed","ping_status":"closed","sticky":false,"template":"","format":"standard","meta":[],"categories":[2],"tags":[],"_links":{"self":[{"href":"https:\/\/uar.es\/index.php?rest_route=\/wp\/v2\/posts\/2243"}],"collection":[{"href":"https:\/\/uar.es\/index.php?rest_route=\/wp\/v2\/posts"}],"about":[{"href":"https:\/\/uar.es\/index.php?rest_route=\/wp\/v2\/types\/post"}],"author":[{"embeddable":true,"href":"https:\/\/uar.es\/index.php?rest_route=\/wp\/v2\/users\/9"}],"replies":[{"embeddable":true,"href":"https:\/\/uar.es\/index.php?rest_route=%2Fwp%2Fv2%2Fcomments&post=2243"}],"version-history":[{"count":1,"href":"https:\/\/uar.es\/index.php?rest_route=\/wp\/v2\/posts\/2243\/revisions"}],"predecessor-version":[{"id":2248,"href":"https:\/\/uar.es\/index.php?rest_route=\/wp\/v2\/posts\/2243\/revisions\/2248"}],"wp:attachment":[{"href":"https:\/\/uar.es\/index.php?rest_route=%2Fwp%2Fv2%2Fmedia&parent=2243"}],"wp:term":[{"taxonomy":"category","embeddable":true,"href":"https:\/\/uar.es\/index.php?rest_route=%2Fwp%2Fv2%2Fcategories&post=2243"},{"taxonomy":"post_tag","embeddable":true,"href":"https:\/\/uar.es\/index.php?rest_route=%2Fwp%2Fv2%2Ftags&post=2243"}],"curies":[{"name":"wp","href":"https:\/\/api.w.org\/{rel}","templated":true}]}}