{"id":2249,"date":"2018-06-12T22:45:11","date_gmt":"2018-06-12T20:45:11","guid":{"rendered":"http:\/\/uar.es\/?p=2249"},"modified":"2018-06-12T22:45:59","modified_gmt":"2018-06-12T20:45:59","slug":"tres-ors-al-campionat-de-catalunya-master","status":"publish","type":"post","link":"https:\/\/uar.es\/?p=2249","title":{"rendered":"TRES ORS AL CAMPIONAT DE CATALUNYA M\u00c0STER"},"content":{"rendered":"<p style=\"text-align: center\"><span style=\"text-decoration: underline\">Campionat de Catalunya M\u00e0ster<\/span><\/p>\n<p style=\"text-align: justify\">El passat diumenge 10 de juny, es va celebrar el Campionat de Catalunya M\u00e0ster a l\u2019Aire Lliure Individual i de Relleus a l\u2019Estadi Municipal La Pedra Salvadora de Mollet del Vall\u00e8s.<\/p>\n<p style=\"text-align: justify\"><strong>Francisco Aragon<\/strong> va participar en dos proves i en les dos va quedar Campi\u00f3 de Catalunya. \u00a0En els 5000 metres va realitzar un registre de 18:07.74\u00a0 i en el 2000 obstacles una marca de 7:28.81<\/p>\n<p style=\"text-align: justify\">Per la seva part, <strong>Ignasi Melo<\/strong> va realitzar \u00fanicament els 5000 metres marxa, quedant campi\u00f3 de Catalunya i va finalitzar amb una marca de 25:53.96<\/p>\n<p style=\"text-align: center\"><span style=\"text-decoration: underline\">II Control de llan\u00e7aments i Salts a Rub\u00ed<\/span><\/p>\n<p style=\"text-align: justify\">El diumenge 10 de juny tamb\u00e9 es va celebrar el II Control de llan\u00e7aments i salts organitzat per la UAR. Vam comptar amb m\u00e9s d\u2019un centenar d\u2019atletes, a m\u00e9s a m\u00e9s, la UAR va tenir una gran participaci\u00f3 i un gran nombre de marques personals. Vam tenir la seg\u00fcent participaci\u00f3 amb les seg\u00fcents marques:<\/p>\n<p style=\"text-align: justify\">En salt d\u2019al\u00e7ada masculina: Marc Malave 1.49m, Oriol Ardevol 1.35m, Andre Flavio 1.30m i Hugo Feijoo 1.20m<\/p>\n<p style=\"text-align: justify\">En salt de llargada masculina: David Jimenez 6.52m, Jairo Lorenzo 5.96m i Oriol Ardevol 4.50m<\/p>\n<p style=\"text-align: justify\">En llan\u00e7aments de pes femen\u00ed: Marta Queralto 9.95m i Alba Mi\u00f1arro 7.79m. Queralto tamb\u00e9 va participar al llan\u00e7ament de disc amb un registre de 19.19. En el masculi: Pol Cordero 8.87, Mart\u00ed Ardevol 6.83, Hugo Garcia 10.66, Ian Ruz 6.50, Kilian Miras 16.59, Gerard Merino 10.78 i Jairo Lorenzo 9.45.<\/p>\n<p style=\"text-align: justify\">En llan\u00e7ament de martell femen\u00ed Lucia Velazquez 20.64m.<\/p>\n<p style=\"text-align: justify\">En javelina femenina: Violeta Vilches 25.58, Ona Gombau 22.29 i Claudia Luengo 19.77. En la masculina: Marc Lopez 24.19, Pol Cordero 22.27, Andre Flavio 18.90, Gerard Merino 36.05 i Jairo Lorenzo 31.76.<\/p>\n<p style=\"text-align: justify\">En llan\u00e7ament de disc masculi: Hugo Garcia 26.24, Gerard Merino 24.83 i Jairo Lorenzo 27.88.<\/p>\n","protected":false},"excerpt":{"rendered":"<p>Campionat de Catalunya M\u00e0ster El passat diumenge 10 de juny, es va celebrar el Campionat de Catalunya M\u00e0ster a l\u2019Aire Lliure Individual i de Relleus a l\u2019Estadi Municipal La Pedra Salvadora de Mollet del Vall\u00e8s. Francisco Aragon va participar en dos proves i en les dos va quedar Campi\u00f3 de Catalunya. \u00a0En els 5000 metres [&hellip;]<\/p>\n","protected":false},"author":9,"featured_media":0,"comment_status":"closed","ping_status":"closed","sticky":false,"template":"","format":"standard","meta":[],"categories":[2],"tags":[],"_links":{"self":[{"href":"https:\/\/uar.es\/index.php?rest_route=\/wp\/v2\/posts\/2249"}],"collection":[{"href":"https:\/\/uar.es\/index.php?rest_route=\/wp\/v2\/posts"}],"about":[{"href":"https:\/\/uar.es\/index.php?rest_route=\/wp\/v2\/types\/post"}],"author":[{"embeddable":true,"href":"https:\/\/uar.es\/index.php?rest_route=\/wp\/v2\/users\/9"}],"replies":[{"embeddable":true,"href":"https:\/\/uar.es\/index.php?rest_route=%2Fwp%2Fv2%2Fcomments&post=2249"}],"version-history":[{"count":2,"href":"https:\/\/uar.es\/index.php?rest_route=\/wp\/v2\/posts\/2249\/revisions"}],"predecessor-version":[{"id":2251,"href":"https:\/\/uar.es\/index.php?rest_route=\/wp\/v2\/posts\/2249\/revisions\/2251"}],"wp:attachment":[{"href":"https:\/\/uar.es\/index.php?rest_route=%2Fwp%2Fv2%2Fmedia&parent=2249"}],"wp:term":[{"taxonomy":"category","embeddable":true,"href":"https:\/\/uar.es\/index.php?rest_route=%2Fwp%2Fv2%2Fcategories&post=2249"},{"taxonomy":"post_tag","embeddable":true,"href":"https:\/\/uar.es\/index.php?rest_route=%2Fwp%2Fv2%2Ftags&post=2249"}],"curies":[{"name":"wp","href":"https:\/\/api.w.org\/{rel}","templated":true}]}}