{"id":2253,"date":"2018-06-26T16:14:28","date_gmt":"2018-06-26T14:14:28","guid":{"rendered":"http:\/\/uar.es\/?p=2253"},"modified":"2018-08-17T16:17:23","modified_gmt":"2018-08-17T14:17:23","slug":"campionat-despanya-sub18","status":"publish","type":"post","link":"https:\/\/uar.es\/?p=2253","title":{"rendered":"CAMPIONAT D&#8217;ESPANYA SUB18"},"content":{"rendered":"<p style=\"text-align: justify\">El cap de setmana 23 i 24 de juny, es va celebrar el 66\u00e8 Campionat d\u2019Espanya Sub18 a Gij\u00f3n amb una destacad\u00edssima actuaci\u00f3 dels atletes catalans, entre ells quatre atletes de la UAR: David Jimenez, Jan Badia, Kilian Miras i Gerard Merino.<\/p>\n<p style=\"text-align: justify\"><strong>Jimenez<\/strong> va participar als 100 metres llisos i es va quedar a la primera ronda amb una marca de 11.39, tamb\u00e9 va participar en salt de llargada, on va quedar 19\u00e9 amb una marca de 6.39m.<\/p>\n<p style=\"text-align: justify\">Per altra banda, <strong>Badia<\/strong>, va c\u00f3rrer els 2000 metres obstacles, on va quedar 12\u00e9 amb una marca de 6:17:40.<\/p>\n<p style=\"text-align: justify\"><strong>Miras<\/strong>, va participar en el llan\u00e7ament de pes, on va quedar 5\u00e9 amb un registre de 16.76, que suposa una millor marca personal i es va quedar molt a prop de batre el record de Catalunya.<\/p>\n<p style=\"text-align: justify\">Per la seva part,\u00a0<strong>Merino<\/strong> va quedar 12\u00e9 en la combinada amb una marca de 5741 punts. En 100 metres llisos va fer un temps de 11.57, en salt d\u2019al\u00e7ada una marca de 1.71 metres, en el 400 un registre de 53:46, en salt de perxa una marca de 3.40, en javelina amb un llan\u00e7ament de 40.22, en els 1500 metres va fer un temps de 4:35:24, en salt de llargada 6.25 metres, el llan\u00e7ament de pes 10.59 metres,\u00a0 110 metres tanques 17.01 i finalment el llan\u00e7ament de disc amb 26.23 metres. En moltes proves va realitzar marca personal.<\/p>\n<p><a href=\"http:\/\/uar.es\/wp-content\/uploads\/2018\/08\/IMG_3173.jpg\"><img loading=\"lazy\" class=\"alignnone size-medium wp-image-2254 aligncenter\" src=\"http:\/\/uar.es\/wp-content\/uploads\/2018\/08\/IMG_3173-300x225.jpg\" alt=\"IMG_3173\" width=\"300\" height=\"225\" srcset=\"https:\/\/uar.es\/wp-content\/uploads\/2018\/08\/IMG_3173-300x225.jpg 300w, https:\/\/uar.es\/wp-content\/uploads\/2018\/08\/IMG_3173-500x375.jpg 500w, https:\/\/uar.es\/wp-content\/uploads\/2018\/08\/IMG_3173.jpg 600w\" sizes=\"(max-width: 300px) 100vw, 300px\" \/><\/a><\/p>\n","protected":false},"excerpt":{"rendered":"<p>El cap de setmana 23 i 24 de juny, es va celebrar el 66\u00e8 Campionat d\u2019Espanya Sub18 a Gij\u00f3n amb una destacad\u00edssima actuaci\u00f3 dels atletes catalans, entre ells quatre atletes de la UAR: David Jimenez, Jan Badia, Kilian Miras i Gerard Merino. Jimenez va participar als 100 metres llisos i es va quedar a la [&hellip;]<\/p>\n","protected":false},"author":9,"featured_media":0,"comment_status":"closed","ping_status":"closed","sticky":false,"template":"","format":"standard","meta":[],"categories":[2],"tags":[],"_links":{"self":[{"href":"https:\/\/uar.es\/index.php?rest_route=\/wp\/v2\/posts\/2253"}],"collection":[{"href":"https:\/\/uar.es\/index.php?rest_route=\/wp\/v2\/posts"}],"about":[{"href":"https:\/\/uar.es\/index.php?rest_route=\/wp\/v2\/types\/post"}],"author":[{"embeddable":true,"href":"https:\/\/uar.es\/index.php?rest_route=\/wp\/v2\/users\/9"}],"replies":[{"embeddable":true,"href":"https:\/\/uar.es\/index.php?rest_route=%2Fwp%2Fv2%2Fcomments&post=2253"}],"version-history":[{"count":1,"href":"https:\/\/uar.es\/index.php?rest_route=\/wp\/v2\/posts\/2253\/revisions"}],"predecessor-version":[{"id":2255,"href":"https:\/\/uar.es\/index.php?rest_route=\/wp\/v2\/posts\/2253\/revisions\/2255"}],"wp:attachment":[{"href":"https:\/\/uar.es\/index.php?rest_route=%2Fwp%2Fv2%2Fmedia&parent=2253"}],"wp:term":[{"taxonomy":"category","embeddable":true,"href":"https:\/\/uar.es\/index.php?rest_route=%2Fwp%2Fv2%2Fcategories&post=2253"},{"taxonomy":"post_tag","embeddable":true,"href":"https:\/\/uar.es\/index.php?rest_route=%2Fwp%2Fv2%2Ftags&post=2253"}],"curies":[{"name":"wp","href":"https:\/\/api.w.org\/{rel}","templated":true}]}}