{"id":2256,"date":"2018-07-03T16:21:36","date_gmt":"2018-07-03T14:21:36","guid":{"rendered":"http:\/\/uar.es\/?p=2256"},"modified":"2018-08-17T16:24:02","modified_gmt":"2018-08-17T14:24:02","slug":"campionat-de-catalunya-absolut","status":"publish","type":"post","link":"https:\/\/uar.es\/?p=2256","title":{"rendered":"CAMPIONAT DE CATALUNYA ABSOLUT"},"content":{"rendered":"<p style=\"text-align: justify\">El passat diumenge 1 de juliol, es va celebrar el 98\u00e8 Campionat de Catalunya Absolut a l\u2019Estadi Joan Serrahima de Barcelona. Amb una gran jornada atl\u00e8tica i un bon nivell de marques, podem destacar dos atletes per part de la UAR.<\/p>\n<p style=\"text-align: justify\"><strong>David Guerrerro<\/strong> va realitzar els 100metres llisos i el 200 metres llisos, en els 100mll va realitzar millor marca personal parant el cron\u00f2metre en 11.17 i en el 200mll va fer una marca de 22.84. En les dos proves va quedar 6\u00e9 de la seva semifinal. Aquest any ha realitzat una gran temporada, ja que ha fet marca personal en bastants ocasions.<\/p>\n<p style=\"text-align: justify\"><strong>Jairo Lorenzo<\/strong> va realitzar el 110 metres tanques parant el cron\u00f2metre en 17.76 i quedant 8\u00e9 en la seva semifinal.<\/p>\n<p style=\"text-align: justify\">Per la seva part, <strong>Gerard Puig<\/strong> va realitzar el salt de llargada i va quedar 8\u00e9 amb un salt de 6.70metres.<\/p>\n<p style=\"text-align: justify\">Tamb\u00e9 hi va participar el nostre gran atleta veter\u00e0 i internacional, <strong>Ignasi Melo<\/strong>, on va aconseguir quedar en vuitena posici\u00f3 en la prova de 5000 metres marxa.<br \/>\nVa fer un temps de 25\u2032\u202f58\u2033, i al\u00b7lega: \u201cEstic molt orgull\u00f3s d\u2019haver pogut participar en la prova, amb 65 anys he estat l\u2019atleta m\u00e9s veter\u00e0 en la hist\u00f2ria d\u2019uns campionats absoluts\u201d.<\/p>\n<p>La majoria d\u2019atletes participants en la competici\u00f3 tenien entre 18 i 35 anys. Per Melo, per\u00f2, l\u2019edat no \u00e9s cap desavantatge: \u201cCrec que si et cuides, est\u00e0s motivat i entrenes molt, l\u2019edat importa poc\u201d.<\/p>\n","protected":false},"excerpt":{"rendered":"<p>El passat diumenge 1 de juliol, es va celebrar el 98\u00e8 Campionat de Catalunya Absolut a l\u2019Estadi Joan Serrahima de Barcelona. Amb una gran jornada atl\u00e8tica i un bon nivell de marques, podem destacar dos atletes per part de la UAR. David Guerrerro va realitzar els 100metres llisos i el 200 metres llisos, en els [&hellip;]<\/p>\n","protected":false},"author":9,"featured_media":0,"comment_status":"closed","ping_status":"closed","sticky":false,"template":"","format":"standard","meta":[],"categories":[2],"tags":[],"_links":{"self":[{"href":"https:\/\/uar.es\/index.php?rest_route=\/wp\/v2\/posts\/2256"}],"collection":[{"href":"https:\/\/uar.es\/index.php?rest_route=\/wp\/v2\/posts"}],"about":[{"href":"https:\/\/uar.es\/index.php?rest_route=\/wp\/v2\/types\/post"}],"author":[{"embeddable":true,"href":"https:\/\/uar.es\/index.php?rest_route=\/wp\/v2\/users\/9"}],"replies":[{"embeddable":true,"href":"https:\/\/uar.es\/index.php?rest_route=%2Fwp%2Fv2%2Fcomments&post=2256"}],"version-history":[{"count":3,"href":"https:\/\/uar.es\/index.php?rest_route=\/wp\/v2\/posts\/2256\/revisions"}],"predecessor-version":[{"id":2259,"href":"https:\/\/uar.es\/index.php?rest_route=\/wp\/v2\/posts\/2256\/revisions\/2259"}],"wp:attachment":[{"href":"https:\/\/uar.es\/index.php?rest_route=%2Fwp%2Fv2%2Fmedia&parent=2256"}],"wp:term":[{"taxonomy":"category","embeddable":true,"href":"https:\/\/uar.es\/index.php?rest_route=%2Fwp%2Fv2%2Fcategories&post=2256"},{"taxonomy":"post_tag","embeddable":true,"href":"https:\/\/uar.es\/index.php?rest_route=%2Fwp%2Fv2%2Ftags&post=2256"}],"curies":[{"name":"wp","href":"https:\/\/api.w.org\/{rel}","templated":true}]}}