{"id":2282,"date":"2018-10-01T23:45:58","date_gmt":"2018-10-01T21:45:58","guid":{"rendered":"http:\/\/uar.es\/?p=2282"},"modified":"2018-10-01T23:45:58","modified_gmt":"2018-10-01T21:45:58","slug":"consentiment-legal-de-la-llicencia","status":"publish","type":"post","link":"https:\/\/uar.es\/?p=2282","title":{"rendered":"Consentiment legal de la llic\u00e8ncia"},"content":{"rendered":"<p style=\"text-align: justify\">Aquest any han canviat la gesti\u00f3 pel tractament de dades per part de la Federaci\u00f3 Espanyola, i \u00e9s per aix\u00f2 que afecta a la tramitaci\u00f3 de les llic\u00e8ncies de l\u2019atleta, tal i com s\u2019informa a la circular 219\/2018: \u201cReglamento de licencias 2018\/2019 y procedimiento de tramitaci\u00f3n de licencias\u201d.<\/p>\n<p style=\"text-align: justify\">S\u2019ha habilitat a la p\u00e0gina web de la RFEA un enlla\u00e7 on s\u2019ha d\u2019omplir el formulari de consentiment de tractament de dades personals, sense aquesta autoritzaci\u00f3 no es poden validar les llicencies (ni catalanes, ni espanyoles) per la temporada 2018-19.<\/p>\n<p style=\"text-align: justify\">Es important que tots i totes les atletes omplin el formulari i avisin als seus entrenadors que ho han fer.<\/p>\n<p style=\"text-align: justify\">Deixem l\u2019enlla\u00e7 per facilitar l\u2019acc\u00e9s: <a href=\"http:\/\/www.rfea.es\/ConsentimientoLegal\">http:\/\/www.rfea.es\/ConsentimientoLegal<\/a><\/p>\n<p><a href=\"http:\/\/uar.es\/wp-content\/uploads\/2018\/10\/consentiment.png\"><img loading=\"lazy\" class=\"alignnone size-medium wp-image-2283 aligncenter\" src=\"http:\/\/uar.es\/wp-content\/uploads\/2018\/10\/consentiment-300x110.png\" alt=\"consentiment\" width=\"300\" height=\"110\" srcset=\"https:\/\/uar.es\/wp-content\/uploads\/2018\/10\/consentiment-300x110.png 300w, https:\/\/uar.es\/wp-content\/uploads\/2018\/10\/consentiment-500x183.png 500w, https:\/\/uar.es\/wp-content\/uploads\/2018\/10\/consentiment.png 600w\" sizes=\"(max-width: 300px) 100vw, 300px\" \/><\/a><\/p>\n","protected":false},"excerpt":{"rendered":"<p>Aquest any han canviat la gesti\u00f3 pel tractament de dades per part de la Federaci\u00f3 Espanyola, i \u00e9s per aix\u00f2 que afecta a la tramitaci\u00f3 de les llic\u00e8ncies de l\u2019atleta, tal i com s\u2019informa a la circular 219\/2018: \u201cReglamento de licencias 2018\/2019 y procedimiento de tramitaci\u00f3n de licencias\u201d. S\u2019ha habilitat a la p\u00e0gina web de [&hellip;]<\/p>\n","protected":false},"author":9,"featured_media":0,"comment_status":"closed","ping_status":"closed","sticky":false,"template":"","format":"standard","meta":[],"categories":[2],"tags":[],"_links":{"self":[{"href":"https:\/\/uar.es\/index.php?rest_route=\/wp\/v2\/posts\/2282"}],"collection":[{"href":"https:\/\/uar.es\/index.php?rest_route=\/wp\/v2\/posts"}],"about":[{"href":"https:\/\/uar.es\/index.php?rest_route=\/wp\/v2\/types\/post"}],"author":[{"embeddable":true,"href":"https:\/\/uar.es\/index.php?rest_route=\/wp\/v2\/users\/9"}],"replies":[{"embeddable":true,"href":"https:\/\/uar.es\/index.php?rest_route=%2Fwp%2Fv2%2Fcomments&post=2282"}],"version-history":[{"count":2,"href":"https:\/\/uar.es\/index.php?rest_route=\/wp\/v2\/posts\/2282\/revisions"}],"predecessor-version":[{"id":2285,"href":"https:\/\/uar.es\/index.php?rest_route=\/wp\/v2\/posts\/2282\/revisions\/2285"}],"wp:attachment":[{"href":"https:\/\/uar.es\/index.php?rest_route=%2Fwp%2Fv2%2Fmedia&parent=2282"}],"wp:term":[{"taxonomy":"category","embeddable":true,"href":"https:\/\/uar.es\/index.php?rest_route=%2Fwp%2Fv2%2Fcategories&post=2282"},{"taxonomy":"post_tag","embeddable":true,"href":"https:\/\/uar.es\/index.php?rest_route=%2Fwp%2Fv2%2Ftags&post=2282"}],"curies":[{"name":"wp","href":"https:\/\/api.w.org\/{rel}","templated":true}]}}