{"id":2286,"date":"2018-10-08T22:35:50","date_gmt":"2018-10-08T20:35:50","guid":{"rendered":"http:\/\/uar.es\/?p=2286"},"modified":"2018-10-08T22:35:50","modified_gmt":"2018-10-08T20:35:50","slug":"la-seccio-de-fons-a-la-38a-cursa-popular-del-prat-de-llobregat","status":"publish","type":"post","link":"https:\/\/uar.es\/?p=2286","title":{"rendered":"La secci\u00f3 de fons a la 38a. Cursa popular del Prat de Llobregat"},"content":{"rendered":"<p class=\"s3\"><span class=\"s4\"><span class=\"bumpedFont15\">Aquest diumenge 7 d\u2019 octubre es va celebrar la 38a cursa del Prat amb un total de 2500 corredors dividits en 4 curses, de 400m, 1500m, 3000m i la de 10Km.<\/span><\/span><\/p>\n<p class=\"s5\" style=\"text-align: justify\"><span class=\"s4\"><span class=\"bumpedFont15\">Un total d<\/span><\/span><span class=\"s4\"><span class=\"bumpedFont15\">e 12<\/span><\/span><span class=\"s4\"><span class=\"bumpedFont15\"> corredors de la \u00a0U.A. RUB\u00cd de la secci\u00f3 de fons van participar en una de les \u00faltimes curses de la temporada 2017-18 i que per a molts de nosaltres es considerada com un de les primeres curses de la present temporada 2018-19.<\/span><\/span><\/p>\n<p class=\"s5\" style=\"text-align: justify\"><span class=\"s4\"><span class=\"bumpedFont15\">Cal destacar la molt bona actuaci\u00f3 del Jose M. Segovia Mart\u00ednez que va quedar el 56\u00e8 amb un temps de 38:22 o el Toni <\/span><\/span><span class=\"s4\"><span class=\"bumpedFont15\">Navas<\/span><\/span><span class=\"s4\"><span class=\"bumpedFont15\"> Montero al 71 amb un temps de 38:59. Per\u00f2 tamb\u00e9 no en oblidem de les nostres atletes femenines i que cada dia participen m\u00e9s a les curses populars i on cal destacar la N\u00faria Segura Coca 11a i la Pilar Marcos <\/span><\/span><span class=\"s4\"><span class=\"bumpedFont15\">Pascua<\/span><\/span><span class=\"s4\"><span class=\"bumpedFont15\"> la 12a de veteranes i la Maria Jos\u00e9 Ortega Izquierdo o la Juana Maria Mart\u00ednez Viedma.<\/span><\/span><\/p>\n<p class=\"s5\" style=\"text-align: justify\"><span class=\"s4\"><span class=\"bumpedFont15\">Altres dels nostres atletes que van participar van ser: El Dani <\/span><\/span><span class=\"s4\"><span class=\"bumpedFont15\">Santjust<\/span><\/span><span class=\"s4\"><span class=\"bumpedFont15\"> Pelegero, Fernando <\/span><\/span><span class=\"s4\"><span class=\"bumpedFont15\">Feij\u00f3<\/span><\/span> <span class=\"s4\"><span class=\"bumpedFont15\">Lorza<\/span><\/span><span class=\"s4\"><span class=\"bumpedFont15\">, Jose Pinheiro <\/span><\/span><span class=\"s4\"><span class=\"bumpedFont15\">Gon\u00e7alves<\/span><\/span><span class=\"s4\"><span class=\"bumpedFont15\">, Jose M. Santamaria Rodr\u00edguez, <\/span><\/span><span class=\"s4\"><span class=\"bumpedFont15\">Cesar<\/span><\/span> <span class=\"s4\"><span class=\"bumpedFont15\">Borrella<\/span><\/span> <span class=\"s4\"><span class=\"bumpedFont15\">Cabrejas<\/span><\/span><span class=\"s4\"><span class=\"bumpedFont15\"> i el <\/span><\/span><span class=\"s4\"><span class=\"bumpedFont15\">Juan Carlos Mart\u00ednez<\/span><\/span><span class=\"s4\"><span class=\"bumpedFont15\">.<\/span><\/span><\/p>\n<p class=\"s5\" style=\"text-align: justify\"><span class=\"s4\"><span class=\"bumpedFont15\">Els felicitem per la seva participaci\u00f3 i l\u2019 equip que fan tots junts.<\/span><\/span><\/p>\n<p class=\"s5\"><a href=\"http:\/\/uar.es\/wp-content\/uploads\/2018\/10\/6E877F85-E5C8-4227-9DF1-9F91D4A8295B.jpeg\"><img loading=\"lazy\" class=\"alignnone size-medium wp-image-2287 aligncenter\" src=\"http:\/\/uar.es\/wp-content\/uploads\/2018\/10\/6E877F85-E5C8-4227-9DF1-9F91D4A8295B-300x225.jpeg\" alt=\"6E877F85-E5C8-4227-9DF1-9F91D4A8295B\" width=\"300\" height=\"225\" srcset=\"https:\/\/uar.es\/wp-content\/uploads\/2018\/10\/6E877F85-E5C8-4227-9DF1-9F91D4A8295B-300x225.jpeg 300w, https:\/\/uar.es\/wp-content\/uploads\/2018\/10\/6E877F85-E5C8-4227-9DF1-9F91D4A8295B-500x374.jpeg 500w, https:\/\/uar.es\/wp-content\/uploads\/2018\/10\/6E877F85-E5C8-4227-9DF1-9F91D4A8295B.jpeg 600w\" sizes=\"(max-width: 300px) 100vw, 300px\" \/><\/a><\/p>\n","protected":false},"excerpt":{"rendered":"<p>Aquest diumenge 7 d\u2019 octubre es va celebrar la 38a cursa del Prat amb un total de 2500 corredors dividits en 4 curses, de 400m, 1500m, 3000m i la de 10Km. Un total de 12 corredors de la \u00a0U.A. RUB\u00cd de la secci\u00f3 de fons van participar en una de les \u00faltimes curses de la [&hellip;]<\/p>\n","protected":false},"author":9,"featured_media":0,"comment_status":"closed","ping_status":"closed","sticky":false,"template":"","format":"standard","meta":[],"categories":[2],"tags":[],"_links":{"self":[{"href":"https:\/\/uar.es\/index.php?rest_route=\/wp\/v2\/posts\/2286"}],"collection":[{"href":"https:\/\/uar.es\/index.php?rest_route=\/wp\/v2\/posts"}],"about":[{"href":"https:\/\/uar.es\/index.php?rest_route=\/wp\/v2\/types\/post"}],"author":[{"embeddable":true,"href":"https:\/\/uar.es\/index.php?rest_route=\/wp\/v2\/users\/9"}],"replies":[{"embeddable":true,"href":"https:\/\/uar.es\/index.php?rest_route=%2Fwp%2Fv2%2Fcomments&post=2286"}],"version-history":[{"count":1,"href":"https:\/\/uar.es\/index.php?rest_route=\/wp\/v2\/posts\/2286\/revisions"}],"predecessor-version":[{"id":2288,"href":"https:\/\/uar.es\/index.php?rest_route=\/wp\/v2\/posts\/2286\/revisions\/2288"}],"wp:attachment":[{"href":"https:\/\/uar.es\/index.php?rest_route=%2Fwp%2Fv2%2Fmedia&parent=2286"}],"wp:term":[{"taxonomy":"category","embeddable":true,"href":"https:\/\/uar.es\/index.php?rest_route=%2Fwp%2Fv2%2Fcategories&post=2286"},{"taxonomy":"post_tag","embeddable":true,"href":"https:\/\/uar.es\/index.php?rest_route=%2Fwp%2Fv2%2Ftags&post=2286"}],"curies":[{"name":"wp","href":"https:\/\/api.w.org\/{rel}","templated":true}]}}