{"id":2304,"date":"2018-11-04T13:53:41","date_gmt":"2018-11-04T11:53:41","guid":{"rendered":"http:\/\/uar.es\/?p=2304"},"modified":"2018-11-04T13:53:41","modified_gmt":"2018-11-04T11:53:41","slug":"nit-de-la-uar-2018","status":"publish","type":"post","link":"https:\/\/uar.es\/?p=2304","title":{"rendered":"NIT DE LA UAR 2018"},"content":{"rendered":"<p style=\"text-align: justify\">Un any m\u00e9s la UNI\u00d3 ATL\u00c8TICA RUB\u00cd organitza \u00a8LA NIT DE LA UAR\u00a8 la nit de l\u2019atletisme Rubinenc. L\u2019acte d\u2019aquesta\u00a018a edici\u00f3 tindr\u00e0 lloc al Restaurant\u00a0\u00a0<a href=\"http:\/\/www.fontlesplanes.com\/\">FONT DE LES PLANES<\/a>\u00a0de les Planes de Vallvidrera, el dissabte\u00a0<strong>24 de\u00a0NOVEMBRE de 2018<\/strong>\u00a0a les 20:30 hores<\/p>\n<p style=\"text-align: justify\">Durant la festa es lliuraran els premis als MILLOR ATLETES de l\u2019escola de la temporada 2017\/2018.<\/p>\n<p style=\"text-align: justify\">Per cortesia d\u2019Halc\u00f3n Viajes,\u00a0<strong>es realitzaran dos\u00a0sorteigs:<\/strong>\u00a0un cap de setmana a\u00a0<a href=\"https:\/\/estivalpark.es\/es\">l\u2019hotel Estival Park<\/a>\u00a0de la Pineda de Salou i dos Caixes\u00a0<a href=\"http:\/\/www.smartbox.com\/es\/\">Smartbox<\/a><\/p>\n<p style=\"text-align: justify\">Preguem\u00a0<strong>confirmeu<\/strong>\u00a0la vostre assist\u00e8ncia al telf. 935882762 de 18\u201900 a 21\u201900 hores\u00a0<strong>abans del dia 21 de Novembre.<\/strong><\/p>\n<p style=\"text-align: justify\">Detallem en aquest enlla\u00e7 preus, men\u00fas i ubicaci\u00f3 del lloc de celebraci\u00f3<\/p>\n<p style=\"text-align: justify\">Rebeu una cordial salutaci\u00f3.<\/p>\n<p><a href=\"http:\/\/uar.es\/wp-content\/uploads\/2018\/11\/UAR-menu-grans.jpg\"><img loading=\"lazy\" class=\"alignnone size-medium wp-image-2305 aligncenter\" src=\"http:\/\/uar.es\/wp-content\/uploads\/2018\/11\/UAR-menu-grans-219x300.jpg\" alt=\"UAR menu grans\" width=\"219\" height=\"300\" srcset=\"https:\/\/uar.es\/wp-content\/uploads\/2018\/11\/UAR-menu-grans-219x300.jpg 219w, https:\/\/uar.es\/wp-content\/uploads\/2018\/11\/UAR-menu-grans.jpg 438w\" sizes=\"(max-width: 219px) 100vw, 219px\" \/><\/a><\/p>\n<p style=\"text-align: center\"><a href=\"http:\/\/uar.es\/wp-content\/uploads\/2018\/11\/UAR-menu-nens.jpg\"><img loading=\"lazy\" class=\"alignnone size-medium wp-image-2306\" src=\"http:\/\/uar.es\/wp-content\/uploads\/2018\/11\/UAR-menu-nens-231x300.jpg\" alt=\"UAR menu nens\" width=\"231\" height=\"300\" srcset=\"https:\/\/uar.es\/wp-content\/uploads\/2018\/11\/UAR-menu-nens-231x300.jpg 231w, https:\/\/uar.es\/wp-content\/uploads\/2018\/11\/UAR-menu-nens.jpg 461w\" sizes=\"(max-width: 231px) 100vw, 231px\" \/><\/a><\/p>\n","protected":false},"excerpt":{"rendered":"<p>Un any m\u00e9s la UNI\u00d3 ATL\u00c8TICA RUB\u00cd organitza \u00a8LA NIT DE LA UAR\u00a8 la nit de l\u2019atletisme Rubinenc. L\u2019acte d\u2019aquesta\u00a018a edici\u00f3 tindr\u00e0 lloc al Restaurant\u00a0\u00a0FONT DE LES PLANES\u00a0de les Planes de Vallvidrera, el dissabte\u00a024 de\u00a0NOVEMBRE de 2018\u00a0a les 20:30 hores Durant la festa es lliuraran els premis als MILLOR ATLETES de l\u2019escola de la temporada [&hellip;]<\/p>\n","protected":false},"author":9,"featured_media":0,"comment_status":"closed","ping_status":"closed","sticky":false,"template":"","format":"standard","meta":[],"categories":[2],"tags":[],"_links":{"self":[{"href":"https:\/\/uar.es\/index.php?rest_route=\/wp\/v2\/posts\/2304"}],"collection":[{"href":"https:\/\/uar.es\/index.php?rest_route=\/wp\/v2\/posts"}],"about":[{"href":"https:\/\/uar.es\/index.php?rest_route=\/wp\/v2\/types\/post"}],"author":[{"embeddable":true,"href":"https:\/\/uar.es\/index.php?rest_route=\/wp\/v2\/users\/9"}],"replies":[{"embeddable":true,"href":"https:\/\/uar.es\/index.php?rest_route=%2Fwp%2Fv2%2Fcomments&post=2304"}],"version-history":[{"count":1,"href":"https:\/\/uar.es\/index.php?rest_route=\/wp\/v2\/posts\/2304\/revisions"}],"predecessor-version":[{"id":2307,"href":"https:\/\/uar.es\/index.php?rest_route=\/wp\/v2\/posts\/2304\/revisions\/2307"}],"wp:attachment":[{"href":"https:\/\/uar.es\/index.php?rest_route=%2Fwp%2Fv2%2Fmedia&parent=2304"}],"wp:term":[{"taxonomy":"category","embeddable":true,"href":"https:\/\/uar.es\/index.php?rest_route=%2Fwp%2Fv2%2Fcategories&post=2304"},{"taxonomy":"post_tag","embeddable":true,"href":"https:\/\/uar.es\/index.php?rest_route=%2Fwp%2Fv2%2Ftags&post=2304"}],"curies":[{"name":"wp","href":"https:\/\/api.w.org\/{rel}","templated":true}]}}