{"id":2383,"date":"2018-12-19T12:09:02","date_gmt":"2018-12-19T10:09:02","guid":{"rendered":"http:\/\/uar.es\/?p=2383"},"modified":"2018-12-19T12:09:02","modified_gmt":"2018-12-19T10:09:02","slug":"el-km0-de-la-uar-al-buff-epic-run-i-el-triangular-del-valles","status":"publish","type":"post","link":"https:\/\/uar.es\/?p=2383","title":{"rendered":"EL KM0 DE LA UAR AL BUFF EPIC RUN i el triangular del Vall\u00e8s"},"content":{"rendered":"<p class=\"s2\" style=\"text-align: justify\"><span class=\"s3\"><span class=\"bumpedFont15\">El passat dissabte 15 de desembre, un total de 18 corredores de la U.A.RUB\u00cd, van participar en<\/span><\/span> <span class=\"s3\"><span class=\"bumpedFont15\">el Buf <\/span><\/span><span class=\"s3\"><span class=\"bumpedFont15\">Epic<\/span><\/span><span class=\"s3\"><span class=\"bumpedFont15\">Run<\/span><\/span><span class=\"s3\"><span class=\"bumpedFont15\"> a les instal\u00b7lacions del F\u00f2rum de Barcelona.<\/span><\/span><\/p>\n<p class=\"s4\" style=\"text-align: justify\"><span class=\"s3\"><span class=\"bumpedFont15\">\u00c9s una cursa no compe<\/span><\/span><span class=\"s3\"><span class=\"bumpedFont15\">titiva i a on han de sortejar i superar diferents obstacles \u00a0en<\/span><\/span> <span class=\"s3\"><span class=\"bumpedFont15\">un recorregut de 6 Km i <\/span><\/span><span class=\"s3\"><span class=\"bumpedFont15\">disfressades d\u2019<\/span><\/span><span class=\"s3\"><span class=\"bumpedFont15\"> ab<\/span><\/span><span class=\"s3\"><span class=\"bumpedFont15\">elles i donant el m\u00e0xim d\u2019elles.<\/span><\/span><\/p>\n<p class=\"s4\" style=\"text-align: justify\"><span class=\"s3\"><span class=\"bumpedFont15\">El balan\u00e7 ha estat molt positiu i <\/span><\/span><span class=\"s3\"><span class=\"bumpedFont15\">on l\u2019 objectiu \u00e9s passar-s\u2019ho el millor possible i cohesionar el grup del KM0 que cada dia \u00e9s m\u00e9s nombr\u00f3s.<\/span><\/span><\/p>\n<p class=\"s4\" style=\"text-align: left\"><span class=\"s3\"><span class=\"bumpedFont15\">Tamb\u00e9 cal destacar la molt bona participaci\u00f3 a la segona jornada del <strong>triangular del <\/strong><\/span><\/span><strong><span class=\"s3\"><span class=\"bumpedFont15\">vall\u00e8s<\/span><\/span><\/strong><span class=\"s3\"><span class=\"bumpedFont15\"> que es va celebrar el diumenge 16 a les instal\u00b7lacions de la Guinardera a Sant Cugat del Vall\u00e8s amb un total de 68 atletes inscrits de la <\/span><\/span><span class=\"s3\"><span class=\"bumpedFont15\">U.A.Rub\u00ed<\/span><\/span><span class=\"s3\"><span class=\"bumpedFont15\"> d\u2019 un total de 190 atletes.<\/span><\/span><\/p>\n<p class=\"s4\" style=\"text-align: justify\"><span class=\"s3\"><span class=\"bumpedFont15\">Aquesta competici\u00f3 entra dins dels controls de la federaci\u00f3 Catalana d\u2019atletisme i \u00e9s el primer any que s\u2019 organitza entre aquestes tres entitats com el Club Muntanyenc de Sant Cugat, l\u2019 U.A. Rub\u00ed i la U.A. <\/span><\/span><span class=\"s3\"><span class=\"bumpedFont15\">Terrassa.<\/span><\/span><\/p>\n<p class=\"s4\"><a href=\"http:\/\/uar.es\/wp-content\/uploads\/2018\/12\/F8CBC76F-C315-4966-BB6E-8457737DD1B9.jpeg\"><img loading=\"lazy\" class=\"alignnone size-medium wp-image-2384 aligncenter\" src=\"http:\/\/uar.es\/wp-content\/uploads\/2018\/12\/F8CBC76F-C315-4966-BB6E-8457737DD1B9-300x192.jpeg\" alt=\"F8CBC76F-C315-4966-BB6E-8457737DD1B9\" width=\"300\" height=\"192\" srcset=\"https:\/\/uar.es\/wp-content\/uploads\/2018\/12\/F8CBC76F-C315-4966-BB6E-8457737DD1B9-300x192.jpeg 300w, https:\/\/uar.es\/wp-content\/uploads\/2018\/12\/F8CBC76F-C315-4966-BB6E-8457737DD1B9-500x320.jpeg 500w, https:\/\/uar.es\/wp-content\/uploads\/2018\/12\/F8CBC76F-C315-4966-BB6E-8457737DD1B9.jpeg 600w\" sizes=\"(max-width: 300px) 100vw, 300px\" \/><\/a><\/p>\n","protected":false},"excerpt":{"rendered":"<p>El passat dissabte 15 de desembre, un total de 18 corredores de la U.A.RUB\u00cd, van participar en el Buf EpicRun a les instal\u00b7lacions del F\u00f2rum de Barcelona. \u00c9s una cursa no competitiva i a on han de sortejar i superar diferents obstacles \u00a0en un recorregut de 6 Km i disfressades d\u2019 abelles i donant el [&hellip;]<\/p>\n","protected":false},"author":9,"featured_media":0,"comment_status":"closed","ping_status":"closed","sticky":false,"template":"","format":"standard","meta":[],"categories":[2],"tags":[],"_links":{"self":[{"href":"https:\/\/uar.es\/index.php?rest_route=\/wp\/v2\/posts\/2383"}],"collection":[{"href":"https:\/\/uar.es\/index.php?rest_route=\/wp\/v2\/posts"}],"about":[{"href":"https:\/\/uar.es\/index.php?rest_route=\/wp\/v2\/types\/post"}],"author":[{"embeddable":true,"href":"https:\/\/uar.es\/index.php?rest_route=\/wp\/v2\/users\/9"}],"replies":[{"embeddable":true,"href":"https:\/\/uar.es\/index.php?rest_route=%2Fwp%2Fv2%2Fcomments&post=2383"}],"version-history":[{"count":1,"href":"https:\/\/uar.es\/index.php?rest_route=\/wp\/v2\/posts\/2383\/revisions"}],"predecessor-version":[{"id":2385,"href":"https:\/\/uar.es\/index.php?rest_route=\/wp\/v2\/posts\/2383\/revisions\/2385"}],"wp:attachment":[{"href":"https:\/\/uar.es\/index.php?rest_route=%2Fwp%2Fv2%2Fmedia&parent=2383"}],"wp:term":[{"taxonomy":"category","embeddable":true,"href":"https:\/\/uar.es\/index.php?rest_route=%2Fwp%2Fv2%2Fcategories&post=2383"},{"taxonomy":"post_tag","embeddable":true,"href":"https:\/\/uar.es\/index.php?rest_route=%2Fwp%2Fv2%2Ftags&post=2383"}],"curies":[{"name":"wp","href":"https:\/\/api.w.org\/{rel}","templated":true}]}}