{"id":2386,"date":"2018-12-21T12:25:26","date_gmt":"2018-12-21T10:25:26","guid":{"rendered":"http:\/\/uar.es\/?p=2386"},"modified":"2018-12-21T12:25:26","modified_gmt":"2018-12-21T10:25:26","slug":"nadal-a-lescola-de-la-uar","status":"publish","type":"post","link":"https:\/\/uar.es\/?p=2386","title":{"rendered":"NADAL A L&#8217;ESCOLA DE LA UAR"},"content":{"rendered":"<p style=\"text-align: justify\">Ahir tota la secci\u00f3 de promoci\u00f3 va poder gaudir d\u2019una tarda amb el Pare No\u00ebl i el tio. A m\u00e9s a m\u00e9s es va fer una xocolatada.<\/p>\n<p style=\"text-align: justify\"><a href=\"http:\/\/uar.es\/wp-content\/uploads\/2018\/12\/IMG_3569.jpg\"><img loading=\"lazy\" class=\"wp-image-2387 size-medium aligncenter\" src=\"http:\/\/uar.es\/wp-content\/uploads\/2018\/12\/IMG_3569-e1545387913207-225x300.jpg\" alt=\"IMG_3569\" width=\"225\" height=\"300\" srcset=\"https:\/\/uar.es\/wp-content\/uploads\/2018\/12\/IMG_3569-e1545387913207-225x300.jpg 225w, https:\/\/uar.es\/wp-content\/uploads\/2018\/12\/IMG_3569-e1545387913207.jpg 450w\" sizes=\"(max-width: 225px) 100vw, 225px\" \/><\/a><\/p>\n<p style=\"text-align: justify\">Avui els infantils i cadets gaudiran d\u2019una estona fent l\u2019amic invisible i despr\u00e8s es fara una xocolatada per depedir-nos de l\u2019any.<\/p>\n","protected":false},"excerpt":{"rendered":"<p>Ahir tota la secci\u00f3 de promoci\u00f3 va poder gaudir d\u2019una tarda amb el Pare No\u00ebl i el tio. A m\u00e9s a m\u00e9s es va fer una xocolatada. Avui els infantils i cadets gaudiran d\u2019una estona fent l\u2019amic invisible i despr\u00e8s es fara una xocolatada per depedir-nos de l\u2019any.<\/p>\n","protected":false},"author":9,"featured_media":0,"comment_status":"closed","ping_status":"closed","sticky":false,"template":"","format":"standard","meta":[],"categories":[2],"tags":[],"_links":{"self":[{"href":"https:\/\/uar.es\/index.php?rest_route=\/wp\/v2\/posts\/2386"}],"collection":[{"href":"https:\/\/uar.es\/index.php?rest_route=\/wp\/v2\/posts"}],"about":[{"href":"https:\/\/uar.es\/index.php?rest_route=\/wp\/v2\/types\/post"}],"author":[{"embeddable":true,"href":"https:\/\/uar.es\/index.php?rest_route=\/wp\/v2\/users\/9"}],"replies":[{"embeddable":true,"href":"https:\/\/uar.es\/index.php?rest_route=%2Fwp%2Fv2%2Fcomments&post=2386"}],"version-history":[{"count":1,"href":"https:\/\/uar.es\/index.php?rest_route=\/wp\/v2\/posts\/2386\/revisions"}],"predecessor-version":[{"id":2388,"href":"https:\/\/uar.es\/index.php?rest_route=\/wp\/v2\/posts\/2386\/revisions\/2388"}],"wp:attachment":[{"href":"https:\/\/uar.es\/index.php?rest_route=%2Fwp%2Fv2%2Fmedia&parent=2386"}],"wp:term":[{"taxonomy":"category","embeddable":true,"href":"https:\/\/uar.es\/index.php?rest_route=%2Fwp%2Fv2%2Fcategories&post=2386"},{"taxonomy":"post_tag","embeddable":true,"href":"https:\/\/uar.es\/index.php?rest_route=%2Fwp%2Fv2%2Ftags&post=2386"}],"curies":[{"name":"wp","href":"https:\/\/api.w.org\/{rel}","templated":true}]}}