{"id":2403,"date":"2019-01-02T14:05:38","date_gmt":"2019-01-02T12:05:38","guid":{"rendered":"http:\/\/uar.es\/?p=2403"},"modified":"2019-01-02T14:10:47","modified_gmt":"2019-01-02T12:10:47","slug":"assemblea-general-ordinaria-2","status":"publish","type":"post","link":"https:\/\/uar.es\/?p=2403","title":{"rendered":"Assemblea general ordin\u00e0ria"},"content":{"rendered":"<p><span class=\"s3\"><span class=\"bumpedFont20\">Benvolguts<\/span><\/span> <span class=\"s3\"><span class=\"bumpedFont20\">socis<\/span><\/span><span class=\"s3\"><span class=\"bumpedFont20\">,<\/span><\/span><\/p>\n<p class=\"s7\" style=\"text-align: justify\"><span class=\"s3\"><span class=\"bumpedFont20\">La Uni\u00f3 <\/span><\/span><span class=\"s3\"><span class=\"bumpedFont20\">Atl\u00e8tica<\/span><\/span><span class=\"s3\"><span class=\"bumpedFont20\"> Rub\u00ed <\/span><\/span><span class=\"s3\"><span class=\"bumpedFont20\">us<\/span><\/span><span class=\"s3\"><span class=\"bumpedFont20\"> convoca a <\/span><\/span><span class=\"s3\"><span class=\"bumpedFont20\">l\u2019assemblea g<\/span><\/span><span class=\"s3\"><span class=\"bumpedFont20\">eneral <\/span><\/span><span class=\"s3\"><span class=\"bumpedFont20\">ordin\u00e0ria<\/span><\/span><span class=\"s3\"><span class=\"bumpedFont20\"> que <\/span><\/span><span class=\"s3\"><span class=\"bumpedFont20\">farem<\/span><\/span><span class=\"s3\"><span class=\"bumpedFont20\"> a la <\/span><\/span><span class=\"s3\"><span class=\"bumpedFont20\">nostra\u00a0<\/span><\/span><span class=\"s3\"><span class=\"bumpedFont20\">instal\u00b7laci\u00f3<\/span><\/span><span class=\"s3\"><span class=\"bumpedFont20\"> el <\/span><\/span><span class=\"s3\"><span class=\"bumpedFont20\">proper<\/span><\/span><span class=\"s3\"><span class=\"bumpedFont20\">\u00a0\u00a0<\/span><\/span><strong><span class=\"s5\"><span class=\"bumpedFont20\">divendres<\/span><\/span><span class=\"s5\"><span class=\"bumpedFont20\"> \u00a08 de <\/span><\/span><span class=\"s5\"><span class=\"bumpedFont20\">febrer<\/span><\/span><span class=\"s5\"><span class=\"bumpedFont20\">\u00a0 de 2019<\/span><\/span><\/strong><span class=\"s5\"><span class=\"bumpedFont20\"> a les 18:30 <\/span><\/span><span class=\"s5\"><span class=\"bumpedFont20\">hores<\/span><\/span><span class=\"s6\"><span class=\"bumpedFont20\">\u00a0en primera <\/span><\/span><span class=\"s6\"><span class=\"bumpedFont20\">convocat\u00f2ria<\/span><\/span><span class=\"s6\"><span class=\"bumpedFont20\"> i en el <\/span><\/span><span class=\"s6\"><span class=\"bumpedFont20\">seu<\/span><\/span><span class=\"s6\"><span class=\"bumpedFont20\"> cas a les 19:00 <\/span><\/span><span class=\"s6\"><span class=\"bumpedFont20\">hores<\/span><\/span><span class=\"s6\"><span class=\"bumpedFont20\"> en <\/span><\/span><span class=\"s6\"><span class=\"bumpedFont20\">segona<\/span><\/span><span class=\"s6\"><span class=\"bumpedFont20\">.<\/span><\/span><\/p>\n<p class=\"s4\"><span class=\"s3\"><span class=\"bumpedFont20\">Ordre<\/span><\/span><span class=\"s3\"><span class=\"bumpedFont20\"> del <\/span><\/span><span class=\"s3\"><span class=\"bumpedFont20\">dia<\/span><\/span><span class=\"s3\"><span class=\"bumpedFont20\">:<\/span><\/span><\/p>\n<div class=\"s8\">1. <span class=\"s3\"><span class=\"bumpedFont20\">M\u00e8m\u00f2ria<\/span><\/span><span class=\"s3\"><span class=\"bumpedFont20\"> de <\/span><\/span><span class=\"s3\"><span class=\"bumpedFont20\">l\u2019actual<\/span><\/span><span class=\"s3\"><span class=\"bumpedFont20\"> temporada.<\/span><\/span><\/div>\n<div class=\"s8\">2. <span class=\"s3\"><span class=\"bumpedFont20\">Pressupostos<\/span><\/span><span class=\"s3\"><span class=\"bumpedFont20\"> a <\/span><\/span><span class=\"s3\"><span class=\"bumpedFont20\">dia<\/span><\/span> <span class=\"s3\"><span class=\"bumpedFont20\">d\u2019avui<\/span><\/span><span class=\"s3\"><span class=\"bumpedFont20\">..<\/span><\/span><\/div>\n<div class=\"s8\">3. <span class=\"s3\"><span class=\"bumpedFont20\">Esdeveniments<\/span><\/span><span class=\"s3\"><span class=\"bumpedFont20\"> que <\/span><\/span><span class=\"s3\"><span class=\"bumpedFont20\">organitza<\/span><\/span><span class=\"s3\"><span class=\"bumpedFont20\"> el club.<\/span><\/span><\/div>\n<div class=\"s8\">4. <span class=\"s3\"><span class=\"bumpedFont20\">Escola<\/span><\/span> <span class=\"s3\"><span class=\"bumpedFont20\">d\u2019atletisme<\/span><\/span><\/div>\n<div class=\"s8\">5. <span class=\"s3\"><span class=\"bumpedFont20\">Altres<\/span><\/span> <span class=\"s3\"><span class=\"bumpedFont20\">seccions<\/span><\/span><span class=\"s3\"><span class=\"bumpedFont20\">: <\/span><\/span><span class=\"s3\"><span class=\"bumpedFont20\">T<\/span><\/span><span class=\"s3\"><span class=\"bumpedFont20\">riatl\u00f3<\/span><\/span><span class=\"s3\"><span class=\"bumpedFont20\">, \u00a0<\/span><\/span><span class=\"s3\"><span class=\"bumpedFont20\">Fons<\/span><\/span><span class=\"s3\"><span class=\"bumpedFont20\">, ,\u00a0Km0<\/span><\/span><\/div>\n<div class=\"s8\">6. <span class=\"s3\"><span class=\"bumpedFont20\">Convenis<\/span><\/span><\/div>\n<div class=\"s8\">7. <span class=\"s3\"><span class=\"bumpedFont20\">Convocat\u00f2ria<\/span><\/span> <span class=\"s3\"><span class=\"bumpedFont20\">d\u2019eleccions<\/span><\/span><\/div>\n<div class=\"s8\">8. <span class=\"s3\"><span class=\"bumpedFont20\">Precs<\/span><\/span><span class=\"s3\"><span class=\"bumpedFont20\"> i preguntes.<\/span><\/span><\/div>\n","protected":false},"excerpt":{"rendered":"<p>Benvolguts socis, La Uni\u00f3 Atl\u00e8tica Rub\u00ed us convoca a l\u2019assemblea general ordin\u00e0ria que farem a la nostra\u00a0instal\u00b7laci\u00f3 el proper\u00a0\u00a0divendres \u00a08 de febrer\u00a0 de 2019 a les 18:30 hores\u00a0en primera convocat\u00f2ria i en el seu cas a les 19:00 hores en segona. Ordre del dia: 1. M\u00e8m\u00f2ria de l\u2019actual temporada. 2. Pressupostos a dia d\u2019avui.. 3. [&hellip;]<\/p>\n","protected":false},"author":9,"featured_media":0,"comment_status":"closed","ping_status":"closed","sticky":false,"template":"","format":"standard","meta":[],"categories":[2],"tags":[],"_links":{"self":[{"href":"https:\/\/uar.es\/index.php?rest_route=\/wp\/v2\/posts\/2403"}],"collection":[{"href":"https:\/\/uar.es\/index.php?rest_route=\/wp\/v2\/posts"}],"about":[{"href":"https:\/\/uar.es\/index.php?rest_route=\/wp\/v2\/types\/post"}],"author":[{"embeddable":true,"href":"https:\/\/uar.es\/index.php?rest_route=\/wp\/v2\/users\/9"}],"replies":[{"embeddable":true,"href":"https:\/\/uar.es\/index.php?rest_route=%2Fwp%2Fv2%2Fcomments&post=2403"}],"version-history":[{"count":3,"href":"https:\/\/uar.es\/index.php?rest_route=\/wp\/v2\/posts\/2403\/revisions"}],"predecessor-version":[{"id":2407,"href":"https:\/\/uar.es\/index.php?rest_route=\/wp\/v2\/posts\/2403\/revisions\/2407"}],"wp:attachment":[{"href":"https:\/\/uar.es\/index.php?rest_route=%2Fwp%2Fv2%2Fmedia&parent=2403"}],"wp:term":[{"taxonomy":"category","embeddable":true,"href":"https:\/\/uar.es\/index.php?rest_route=%2Fwp%2Fv2%2Fcategories&post=2403"},{"taxonomy":"post_tag","embeddable":true,"href":"https:\/\/uar.es\/index.php?rest_route=%2Fwp%2Fv2%2Ftags&post=2403"}],"curies":[{"name":"wp","href":"https:\/\/api.w.org\/{rel}","templated":true}]}}