{"id":2408,"date":"2019-01-02T23:30:47","date_gmt":"2019-01-02T21:30:47","guid":{"rendered":"http:\/\/uar.es\/?p=2408"},"modified":"2019-01-05T00:35:14","modified_gmt":"2019-01-04T22:35:14","slug":"la-u-a-r-no-para-en-vacances-cros-social-pujada-al-puigmadrona-i-la-sant-silvestre","status":"publish","type":"post","link":"https:\/\/uar.es\/?p=2408","title":{"rendered":"La U.A.R no para en vacances. Cros social, pujada al Puigmadrona i la Sant Silvestre"},"content":{"rendered":"<p class=\"s2\" style=\"text-align: justify\"><span class=\"s3\"><span class=\"bumpedFont15\">El passat divendres 21 de desembre van comen\u00e7ar les <strong>vacances de Nadal<\/strong> per\u00f2 cal dir que la nostra entitat no ha parat durant aquest dies, de fet ja el mateix 22 i 23 van competir l\u2019escola en controls en pista coberta i el cros del Baix Montseny a Sant Celoni on l\u2019 A<\/span><\/span><span class=\"s3\"><span class=\"bumpedFont15\">d<\/span><\/span><span class=\"s3\"><span class=\"bumpedFont15\">ri\u00e0 <\/span><\/span><span class=\"s3\"><span class=\"bumpedFont15\">Mac\u00eda s<\/span><\/span><span class=\"s3\"><span class=\"bumpedFont15\">Fern\u00e1ndez va quedar 2n a la categoria <\/span><\/span><span class=\"s3\"><span class=\"bumpedFont15\">intantil<\/span><\/span><span class=\"s3\"><span class=\"bumpedFont15\">.<\/span><\/span><\/p>\n<p class=\"s4\" style=\"text-align: justify\"><span class=\"s3\"><span class=\"bumpedFont15\">El dimecres 26 per Sant Esteve, un grup de unes 35 persones caminant i 30 corrent van pujar al <\/span><\/span><strong><span class=\"s3\"><span class=\"bumpedFont15\">Puigmadrona\u00a0<\/span><\/span><\/strong><span class=\"s3\"><span class=\"bumpedFont15\">juntament amb els <\/span><\/span><span class=\"s3\"><span class=\"bumpedFont15\">Fondiste<\/span><\/span><span class=\"s3\"><span class=\"bumpedFont15\"> de Rub\u00ed i el Mercat Municipal. \u00c9s una sortida que cada any se celebra i a la qual estava convidada tota la gent. Les sortides es feien des de l\u2019 Ajuntament de <\/span><\/span><span class=\"s3\"><span class=\"bumpedFont15\">Rubi<\/span><\/span><span class=\"s3\"><span class=\"bumpedFont15\"> i de l\u2019 <\/span><\/span><span class=\"s3\"><span class=\"bumpedFont15\">Esg\u00e9sia<\/span><\/span><span class=\"s3\"><span class=\"bumpedFont15\"> de Sant Pere. L\u2019 objectiu no \u00e9s competitiu sin\u00f3 de celebraci\u00f3 de les festes i una manera saludable de \u00a0passar-s\u2019ho b\u00e9.<\/span><\/span><\/p>\n<p class=\"s4\" style=\"text-align: center\">\u00a0<a href=\"http:\/\/uar.es\/wp-content\/uploads\/2019\/01\/pujada-al-puigmadrona.jpeg\"><img loading=\"lazy\" class=\"alignnone size-medium wp-image-2409\" src=\"http:\/\/uar.es\/wp-content\/uploads\/2019\/01\/pujada-al-puigmadrona-300x185.jpeg\" alt=\"pujada al puigmadrona\" width=\"300\" height=\"185\" srcset=\"https:\/\/uar.es\/wp-content\/uploads\/2019\/01\/pujada-al-puigmadrona-300x185.jpeg 300w, https:\/\/uar.es\/wp-content\/uploads\/2019\/01\/pujada-al-puigmadrona-500x308.jpeg 500w, https:\/\/uar.es\/wp-content\/uploads\/2019\/01\/pujada-al-puigmadrona.jpeg 600w\" sizes=\"(max-width: 300px) 100vw, 300px\" \/><\/a><\/p>\n<p class=\"s4\" style=\"text-align: justify\"><span class=\"s3\"><span class=\"bumpedFont15\">El \u00a0dissabte 29 de desembre <\/span><\/span><span class=\"s3\"><span class=\"bumpedFont15\">a les instal\u00b7lacions de can Ros\u00e9s<\/span><\/span><span class=\"s3\"><span class=\"bumpedFont15\">,<\/span><\/span> <span class=\"s3\"><span class=\"bumpedFont15\">es va fer el <strong>cros social de la U.A.R.<\/strong> per als socis, simpatitzants i familiars vinculats al club. Hi va haver tres curses on van participar unes 70 persones entre corredors i familiars que els van acompanyar. Al final de la jornada es va fer l\u2019entrega dels premis i <\/span><\/span><span class=\"s3\"><span class=\"bumpedFont15\">es va c<\/span><\/span><span class=\"s3\"><span class=\"bumpedFont15\">onvidar a tots els participants i familiars a una botifarrada. \u00c9s una manera m\u00e9s de celebraci\u00f3 en fam\u00edlia.<\/span><\/span><\/p>\n<p class=\"s4\" style=\"text-align: justify\"><span class=\"s3\"><span class=\"bumpedFont15\">I per \u00faltim<\/span><\/span><span class=\"s3\"><span class=\"bumpedFont15\">,<\/span><\/span><span class=\"s3\"><span class=\"bumpedFont15\"> no ens podem oblidar<\/span><\/span><span class=\"s3\"><span class=\"bumpedFont15\"> que <\/span><\/span><span class=\"s3\"><span class=\"bumpedFont15\">el passat diumenge 31 de desembre es va realitzar \u00a0la <strong>Cursa de Sant Silvestre a Sant Cugat del Vall\u00e8s<\/strong> on van participar m\u00e9s de 14 corredors de la U.A.RUB\u00cd \u00a0i on cal destacar la molt bona actuaci\u00f3 del Jos\u00e9 Miguel Segovia Mart\u00ednez que va fer un temps de 37:51 i va quedar el 8\u00e8 a la seva categoria o el Vicente Blasco <\/span><\/span><span class=\"s3\"><span class=\"bumpedFont15\">Luz<\/span><\/span><span class=\"s3\"><span class=\"bumpedFont15\"> amb u<\/span><\/span><span class=\"s3\"><span class=\"bumpedFont15\">n temps de 37:53 i 7\u00e8 a la seva categoria. A la categoria femenina la N\u00faria Segura Coca va quedar 2a per categoria i amb \u00a0temps de 43:04 fent millor marca personal per aquest dist\u00e0ncia.<\/span><\/span><\/p>\n<p class=\"s4\"><a href=\"http:\/\/uar.es\/wp-content\/uploads\/2019\/01\/D0855C3F-2E90-4B39-957C-FDBFC5283A90.jpeg\"><img loading=\"lazy\" class=\"alignnone size-medium wp-image-2410 aligncenter\" src=\"http:\/\/uar.es\/wp-content\/uploads\/2019\/01\/D0855C3F-2E90-4B39-957C-FDBFC5283A90-300x169.jpeg\" alt=\"D0855C3F-2E90-4B39-957C-FDBFC5283A90\" width=\"300\" height=\"169\" srcset=\"https:\/\/uar.es\/wp-content\/uploads\/2019\/01\/D0855C3F-2E90-4B39-957C-FDBFC5283A90-300x169.jpeg 300w, https:\/\/uar.es\/wp-content\/uploads\/2019\/01\/D0855C3F-2E90-4B39-957C-FDBFC5283A90-500x281.jpeg 500w, https:\/\/uar.es\/wp-content\/uploads\/2019\/01\/D0855C3F-2E90-4B39-957C-FDBFC5283A90.jpeg 600w\" sizes=\"(max-width: 300px) 100vw, 300px\" \/><\/a><\/p>\n","protected":false},"excerpt":{"rendered":"<p>El passat divendres 21 de desembre van comen\u00e7ar les vacances de Nadal per\u00f2 cal dir que la nostra entitat no ha parat durant aquest dies, de fet ja el mateix 22 i 23 van competir l\u2019escola en controls en pista coberta i el cros del Baix Montseny a Sant Celoni on l\u2019 Adri\u00e0 Mac\u00eda sFern\u00e1ndez [&hellip;]<\/p>\n","protected":false},"author":9,"featured_media":0,"comment_status":"closed","ping_status":"closed","sticky":false,"template":"","format":"standard","meta":[],"categories":[2],"tags":[],"_links":{"self":[{"href":"https:\/\/uar.es\/index.php?rest_route=\/wp\/v2\/posts\/2408"}],"collection":[{"href":"https:\/\/uar.es\/index.php?rest_route=\/wp\/v2\/posts"}],"about":[{"href":"https:\/\/uar.es\/index.php?rest_route=\/wp\/v2\/types\/post"}],"author":[{"embeddable":true,"href":"https:\/\/uar.es\/index.php?rest_route=\/wp\/v2\/users\/9"}],"replies":[{"embeddable":true,"href":"https:\/\/uar.es\/index.php?rest_route=%2Fwp%2Fv2%2Fcomments&post=2408"}],"version-history":[{"count":1,"href":"https:\/\/uar.es\/index.php?rest_route=\/wp\/v2\/posts\/2408\/revisions"}],"predecessor-version":[{"id":2411,"href":"https:\/\/uar.es\/index.php?rest_route=\/wp\/v2\/posts\/2408\/revisions\/2411"}],"wp:attachment":[{"href":"https:\/\/uar.es\/index.php?rest_route=%2Fwp%2Fv2%2Fmedia&parent=2408"}],"wp:term":[{"taxonomy":"category","embeddable":true,"href":"https:\/\/uar.es\/index.php?rest_route=%2Fwp%2Fv2%2Fcategories&post=2408"},{"taxonomy":"post_tag","embeddable":true,"href":"https:\/\/uar.es\/index.php?rest_route=%2Fwp%2Fv2%2Ftags&post=2408"}],"curies":[{"name":"wp","href":"https:\/\/api.w.org\/{rel}","templated":true}]}}