{"id":2440,"date":"2019-02-12T23:03:13","date_gmt":"2019-02-12T21:03:13","guid":{"rendered":"http:\/\/uar.es\/?p=2440"},"modified":"2019-02-12T23:03:13","modified_gmt":"2019-02-12T21:03:13","slug":"ignasi-melo-campio-despanya","status":"publish","type":"post","link":"https:\/\/uar.es\/?p=2440","title":{"rendered":"Ignasi Mel\u00f3 campi\u00f3 d\u2019Espanya"},"content":{"rendered":"<p style=\"text-align: justify\">Diumenge 10 de febrer es va realitzar el\u00a0Campionat d\u2019Espanya de Marxa M\u00e0ster en ruta sobre les dist\u00e0ncies de 20 Km homes i 10 Km dones.<\/p>\n<p style=\"text-align: justify\">Volem destacar la gran actuaci\u00f3 del nostre marxador \u00a0<span class=\"s2\"><span class=\"bumpedFont15\">Ignasi <\/span><\/span><span class=\"s2\"><span class=\"bumpedFont15\">Melo<\/span><\/span><span class=\"s2\"><span class=\"bumpedFont15\"> Valls, ja que s\u2019ha proclamat campi\u00f3 d\u2019Espanya <\/span><\/span><span class=\"s2\"><span class=\"bumpedFont15\">de marxa \u00a0a la prova de 20Km amb un temps d\u20191:55,53. Aquest temps suposa un nou r\u00e8cord dels campionats.<\/span><\/span><\/p>\n<p><a href=\"http:\/\/uar.es\/wp-content\/uploads\/2019\/02\/0FD16035-37F3-42C4-9B4A-8417307E228C.jpeg\"><img loading=\"lazy\" class=\"alignnone size-medium wp-image-2441 aligncenter\" src=\"http:\/\/uar.es\/wp-content\/uploads\/2019\/02\/0FD16035-37F3-42C4-9B4A-8417307E228C-300x200.jpeg\" alt=\"0FD16035-37F3-42C4-9B4A-8417307E228C\" width=\"300\" height=\"200\" srcset=\"https:\/\/uar.es\/wp-content\/uploads\/2019\/02\/0FD16035-37F3-42C4-9B4A-8417307E228C-300x200.jpeg 300w, https:\/\/uar.es\/wp-content\/uploads\/2019\/02\/0FD16035-37F3-42C4-9B4A-8417307E228C-500x333.jpeg 500w, https:\/\/uar.es\/wp-content\/uploads\/2019\/02\/0FD16035-37F3-42C4-9B4A-8417307E228C.jpeg 600w\" sizes=\"(max-width: 300px) 100vw, 300px\" \/><\/a>I<\/p>\n","protected":false},"excerpt":{"rendered":"<p>Diumenge 10 de febrer es va realitzar el\u00a0Campionat d\u2019Espanya de Marxa M\u00e0ster en ruta sobre les dist\u00e0ncies de 20 Km homes i 10 Km dones. Volem destacar la gran actuaci\u00f3 del nostre marxador \u00a0Ignasi Melo Valls, ja que s\u2019ha proclamat campi\u00f3 d\u2019Espanya de marxa \u00a0a la prova de 20Km amb un temps d\u20191:55,53. Aquest temps [&hellip;]<\/p>\n","protected":false},"author":9,"featured_media":0,"comment_status":"closed","ping_status":"closed","sticky":false,"template":"","format":"standard","meta":[],"categories":[2],"tags":[],"_links":{"self":[{"href":"https:\/\/uar.es\/index.php?rest_route=\/wp\/v2\/posts\/2440"}],"collection":[{"href":"https:\/\/uar.es\/index.php?rest_route=\/wp\/v2\/posts"}],"about":[{"href":"https:\/\/uar.es\/index.php?rest_route=\/wp\/v2\/types\/post"}],"author":[{"embeddable":true,"href":"https:\/\/uar.es\/index.php?rest_route=\/wp\/v2\/users\/9"}],"replies":[{"embeddable":true,"href":"https:\/\/uar.es\/index.php?rest_route=%2Fwp%2Fv2%2Fcomments&post=2440"}],"version-history":[{"count":1,"href":"https:\/\/uar.es\/index.php?rest_route=\/wp\/v2\/posts\/2440\/revisions"}],"predecessor-version":[{"id":2442,"href":"https:\/\/uar.es\/index.php?rest_route=\/wp\/v2\/posts\/2440\/revisions\/2442"}],"wp:attachment":[{"href":"https:\/\/uar.es\/index.php?rest_route=%2Fwp%2Fv2%2Fmedia&parent=2440"}],"wp:term":[{"taxonomy":"category","embeddable":true,"href":"https:\/\/uar.es\/index.php?rest_route=%2Fwp%2Fv2%2Fcategories&post=2440"},{"taxonomy":"post_tag","embeddable":true,"href":"https:\/\/uar.es\/index.php?rest_route=%2Fwp%2Fv2%2Ftags&post=2440"}],"curies":[{"name":"wp","href":"https:\/\/api.w.org\/{rel}","templated":true}]}}