{"id":2443,"date":"2019-02-18T22:58:59","date_gmt":"2019-02-18T20:58:59","guid":{"rendered":"http:\/\/uar.es\/?p=2443"},"modified":"2019-02-18T22:58:59","modified_gmt":"2019-02-18T20:58:59","slug":"els-masters-de-rubi-aconsegueixen-bons-resultats-al-campionats-de-catalunya","status":"publish","type":"post","link":"https:\/\/uar.es\/?p=2443","title":{"rendered":"Els m\u00e0sters de Rubi aconsegueixen bons resultats al Campionats de Catalunya"},"content":{"rendered":"<p style=\"text-align: justify\">Aquest any, tenim el plaer de tenir amb nosaltres a dos veterans mes, ells son Manuel Centella i Joan Segarra, tots dos llan\u00e7adors des de fa molts anys i actualment de ma categoria M45.<\/p>\n<p style=\"text-align: justify\">El segon cap de setmana de febrer es va realitzar el Campionat de Catalunya m\u00e0ster de Llan\u00e7aments d\u2019Hivern a l\u2019estadi de Santa Coloma de Gramanet. Serrahima de Barcelona.<\/p>\n<p style=\"text-align: justify\">En la prova de martell pesat, el Segarra va quedar subcampi\u00f3 i el Centella 5e i en el martell amb el pes corresponent can quedar 2n i 3r, respectivament. Pel que fa a la prova de Javalin a, Segarra ca quedar Campi\u00f3 de Catalunya i Centella 3r. I finalment, van realitzar la prova de llan\u00e7ament de disc, on Segarra va quedar 5\u00e9 i Centella 6\u00e9.<\/p>\n<p style=\"text-align: justify\">Juntament, van aconseguir un total de cinc medalles, una d\u2019or, dues de plata i dos de bronzes.<\/p>\n<p><a href=\"http:\/\/uar.es\/wp-content\/uploads\/2019\/02\/image.png\"><img loading=\"lazy\" class=\"alignnone size-medium wp-image-2444 aligncenter\" src=\"http:\/\/uar.es\/wp-content\/uploads\/2019\/02\/image-300x225.png\" alt=\"image\" width=\"300\" height=\"225\" srcset=\"https:\/\/uar.es\/wp-content\/uploads\/2019\/02\/image-300x225.png 300w, https:\/\/uar.es\/wp-content\/uploads\/2019\/02\/image-500x375.png 500w, https:\/\/uar.es\/wp-content\/uploads\/2019\/02\/image.png 600w\" sizes=\"(max-width: 300px) 100vw, 300px\" \/><\/a><\/p>\n<p style=\"text-align: justify\">El passat diumenge 17 de febrer es va celebrar el 23\u00e8 Campionat de Catalunya M\u00e0ster Individual en Pista Coberta a Sabadell. En aquest hi va participar\u00a0Joan Segarra, proclamant-se Campi\u00f3 de Catalunya en la categoria M45 en llan\u00e7ament de pes realitzant una marca de 11.83metres.<\/p>\n<p style=\"text-align: center\"><a href=\"http:\/\/uar.es\/wp-content\/uploads\/2019\/02\/IMG-20190217-WA0070.jpg\"><img loading=\"lazy\" class=\"alignnone size-medium wp-image-2445\" src=\"http:\/\/uar.es\/wp-content\/uploads\/2019\/02\/IMG-20190217-WA0070-300x180.jpg\" alt=\"IMG-20190217-WA0070\" width=\"300\" height=\"180\" srcset=\"https:\/\/uar.es\/wp-content\/uploads\/2019\/02\/IMG-20190217-WA0070-300x180.jpg 300w, https:\/\/uar.es\/wp-content\/uploads\/2019\/02\/IMG-20190217-WA0070-500x299.jpg 500w, https:\/\/uar.es\/wp-content\/uploads\/2019\/02\/IMG-20190217-WA0070.jpg 600w\" sizes=\"(max-width: 300px) 100vw, 300px\" \/><\/a><\/p>\n","protected":false},"excerpt":{"rendered":"<p>Aquest any, tenim el plaer de tenir amb nosaltres a dos veterans mes, ells son Manuel Centella i Joan Segarra, tots dos llan\u00e7adors des de fa molts anys i actualment de ma categoria M45. El segon cap de setmana de febrer es va realitzar el Campionat de Catalunya m\u00e0ster de Llan\u00e7aments d\u2019Hivern a l\u2019estadi de [&hellip;]<\/p>\n","protected":false},"author":9,"featured_media":0,"comment_status":"closed","ping_status":"closed","sticky":false,"template":"","format":"standard","meta":[],"categories":[2],"tags":[],"_links":{"self":[{"href":"https:\/\/uar.es\/index.php?rest_route=\/wp\/v2\/posts\/2443"}],"collection":[{"href":"https:\/\/uar.es\/index.php?rest_route=\/wp\/v2\/posts"}],"about":[{"href":"https:\/\/uar.es\/index.php?rest_route=\/wp\/v2\/types\/post"}],"author":[{"embeddable":true,"href":"https:\/\/uar.es\/index.php?rest_route=\/wp\/v2\/users\/9"}],"replies":[{"embeddable":true,"href":"https:\/\/uar.es\/index.php?rest_route=%2Fwp%2Fv2%2Fcomments&post=2443"}],"version-history":[{"count":1,"href":"https:\/\/uar.es\/index.php?rest_route=\/wp\/v2\/posts\/2443\/revisions"}],"predecessor-version":[{"id":2446,"href":"https:\/\/uar.es\/index.php?rest_route=\/wp\/v2\/posts\/2443\/revisions\/2446"}],"wp:attachment":[{"href":"https:\/\/uar.es\/index.php?rest_route=%2Fwp%2Fv2%2Fmedia&parent=2443"}],"wp:term":[{"taxonomy":"category","embeddable":true,"href":"https:\/\/uar.es\/index.php?rest_route=%2Fwp%2Fv2%2Fcategories&post=2443"},{"taxonomy":"post_tag","embeddable":true,"href":"https:\/\/uar.es\/index.php?rest_route=%2Fwp%2Fv2%2Ftags&post=2443"}],"curies":[{"name":"wp","href":"https:\/\/api.w.org\/{rel}","templated":true}]}}