{"id":2448,"date":"2019-02-21T10:56:53","date_gmt":"2019-02-21T08:56:53","guid":{"rendered":"http:\/\/uar.es\/?p=2448"},"modified":"2019-02-21T23:10:20","modified_gmt":"2019-02-21T21:10:20","slug":"2448","status":"publish","type":"post","link":"https:\/\/uar.es\/?p=2448","title":{"rendered":"Gran \u00e8xit de l\u2019escola d\u2019atletisme al trofeu promoci\u00f3"},"content":{"rendered":"<p class=\"s3\" style=\"text-align: justify\">Aquest dissabte 16 de febrer es va celebrar la final del Trofeu Sabadell de \u00a0promoci\u00f3 on cal destacar grans resultats de la nostra escola d\u2019atletisme i m\u00e9s tenint en compta que al trofeu nom\u00e9s entraven a la final els 8,10 o 12 millors registres d\u2019 hivern en pista coberta com:<\/p>\n<p class=\"s4\" style=\"text-align: justify\">1a posici\u00f3 al 4&#215;200 infantil mascul\u00ed de l\u2019Adri\u00e1n Mac\u00edasFern\u00e1ndez, Jordi Serra Embuena, Ivan Garc\u00eda Rom\u00e1n i l\u2019Aketza Sumell Garc\u00eda amb un temps d\u2019 1:53.36.<\/p>\n<p class=\"s4\"><a href=\"http:\/\/uar.es\/wp-content\/uploads\/2019\/02\/6D891AC6-9A3B-4C6C-98F3-B2115EB25008.jpeg\"><img loading=\"lazy\" class=\"size-medium wp-image-2449 aligncenter\" src=\"http:\/\/uar.es\/wp-content\/uploads\/2019\/02\/6D891AC6-9A3B-4C6C-98F3-B2115EB25008-173x300.jpeg\" alt=\"6D891AC6-9A3B-4C6C-98F3-B2115EB25008\" width=\"173\" height=\"300\" srcset=\"https:\/\/uar.es\/wp-content\/uploads\/2019\/02\/6D891AC6-9A3B-4C6C-98F3-B2115EB25008-173x300.jpeg 173w, https:\/\/uar.es\/wp-content\/uploads\/2019\/02\/6D891AC6-9A3B-4C6C-98F3-B2115EB25008.jpeg 346w\" sizes=\"(max-width: 173px) 100vw, 173px\" \/><\/a> <a href=\"http:\/\/uar.es\/wp-content\/uploads\/2019\/02\/4046ECDB-7B7C-48B5-A945-8D8338F47870.jpeg\"><img loading=\"lazy\" class=\"alignnone size-medium wp-image-2450 aligncenter\" src=\"http:\/\/uar.es\/wp-content\/uploads\/2019\/02\/4046ECDB-7B7C-48B5-A945-8D8338F47870-229x300.jpeg\" alt=\"4046ECDB-7B7C-48B5-A945-8D8338F47870\" width=\"229\" height=\"300\" srcset=\"https:\/\/uar.es\/wp-content\/uploads\/2019\/02\/4046ECDB-7B7C-48B5-A945-8D8338F47870-229x300.jpeg 229w, https:\/\/uar.es\/wp-content\/uploads\/2019\/02\/4046ECDB-7B7C-48B5-A945-8D8338F47870.jpeg 457w\" sizes=\"(max-width: 229px) 100vw, 229px\" \/><\/a><\/p>\n<p class=\"s4\" style=\"text-align: justify\">1a al Llan\u00e7ament de pes Infantil Femen\u00ed l\u2019 Estefany Ba Moreta amb una marca 11.73m.<\/p>\n<p class=\"s4\"><a href=\"http:\/\/uar.es\/wp-content\/uploads\/2019\/02\/52C4B4BE-B7E5-4591-9150-560B8804AEE1.jpeg\"><img loading=\"lazy\" class=\"alignnone size-medium wp-image-2452 aligncenter\" src=\"http:\/\/uar.es\/wp-content\/uploads\/2019\/02\/52C4B4BE-B7E5-4591-9150-560B8804AEE1-300x225.jpeg\" alt=\"52C4B4BE-B7E5-4591-9150-560B8804AEE1\" width=\"300\" height=\"225\" srcset=\"https:\/\/uar.es\/wp-content\/uploads\/2019\/02\/52C4B4BE-B7E5-4591-9150-560B8804AEE1-300x225.jpeg 300w, https:\/\/uar.es\/wp-content\/uploads\/2019\/02\/52C4B4BE-B7E5-4591-9150-560B8804AEE1-500x375.jpeg 500w, https:\/\/uar.es\/wp-content\/uploads\/2019\/02\/52C4B4BE-B7E5-4591-9150-560B8804AEE1.jpeg 600w\" sizes=\"(max-width: 300px) 100vw, 300px\" \/><\/a><\/p>\n<p class=\"s4\">1r en Salt de llargada Infantil mascul\u00ed de l\u2019 Ivan Garc\u00eda Rom\u00e1n amb un salt de 4.96m.<\/p>\n<p class=\"s4\"><a href=\"http:\/\/uar.es\/wp-content\/uploads\/2019\/02\/70E5C563-E0BB-4705-A0C3-CEAEB9CD69ED.jpeg\"><img loading=\"lazy\" class=\"alignnone size-medium wp-image-2459 aligncenter\" src=\"http:\/\/uar.es\/wp-content\/uploads\/2019\/02\/70E5C563-E0BB-4705-A0C3-CEAEB9CD69ED-300x300.jpeg\" alt=\"70E5C563-E0BB-4705-A0C3-CEAEB9CD69ED\" width=\"300\" height=\"300\" srcset=\"https:\/\/uar.es\/wp-content\/uploads\/2019\/02\/70E5C563-E0BB-4705-A0C3-CEAEB9CD69ED-300x300.jpeg 300w, https:\/\/uar.es\/wp-content\/uploads\/2019\/02\/70E5C563-E0BB-4705-A0C3-CEAEB9CD69ED-150x150.jpeg 150w, https:\/\/uar.es\/wp-content\/uploads\/2019\/02\/70E5C563-E0BB-4705-A0C3-CEAEB9CD69ED-500x500.jpeg 500w, https:\/\/uar.es\/wp-content\/uploads\/2019\/02\/70E5C563-E0BB-4705-A0C3-CEAEB9CD69ED.jpeg 600w\" sizes=\"(max-width: 300px) 100vw, 300px\" \/><\/a><\/p>\n<p class=\"s4\" style=\"text-align: justify\">1a l\u2019 Alba Rodr\u00edguez Santos als 60mll infantil femen\u00ed amb una marca de 8.39s<\/p>\n<p class=\"s4\" style=\"text-align: justify\">2a la Valeria Olalla als 600m infantil femen\u00ed amb el temps de 1:46.00.<\/p>\n<p class=\"s4\" style=\"text-align: justify\"><a href=\"http:\/\/uar.es\/wp-content\/uploads\/2019\/02\/4CB6E638-AB08-45A9-BC9D-AA4FAA637977.jpeg\"><img loading=\"lazy\" class=\"size-medium wp-image-2458 aligncenter\" src=\"http:\/\/uar.es\/wp-content\/uploads\/2019\/02\/4CB6E638-AB08-45A9-BC9D-AA4FAA637977-300x287.jpeg\" alt=\"4CB6E638-AB08-45A9-BC9D-AA4FAA637977\" width=\"300\" height=\"287\" srcset=\"https:\/\/uar.es\/wp-content\/uploads\/2019\/02\/4CB6E638-AB08-45A9-BC9D-AA4FAA637977-300x287.jpeg 300w, https:\/\/uar.es\/wp-content\/uploads\/2019\/02\/4CB6E638-AB08-45A9-BC9D-AA4FAA637977-500x478.jpeg 500w, https:\/\/uar.es\/wp-content\/uploads\/2019\/02\/4CB6E638-AB08-45A9-BC9D-AA4FAA637977.jpeg 600w\" sizes=\"(max-width: 300px) 100vw, 300px\" \/><\/a><\/p>\n<p class=\"s4\" style=\"text-align: justify\">2n al llan\u00e7ament de pes infantil mascul\u00ed del Mart\u00ed Ard\u00e9volCanals amb 8.68m.<\/p>\n<p class=\"s4\" style=\"text-align: justify\"><a href=\"http:\/\/uar.es\/wp-content\/uploads\/2019\/02\/8824CAA3-5E7F-4ECD-9C4B-195C63DF04DF.jpeg\"><img loading=\"lazy\" class=\"size-medium wp-image-2453 aligncenter\" src=\"http:\/\/uar.es\/wp-content\/uploads\/2019\/02\/8824CAA3-5E7F-4ECD-9C4B-195C63DF04DF-300x225.jpeg\" alt=\"8824CAA3-5E7F-4ECD-9C4B-195C63DF04DF\" width=\"300\" height=\"225\" srcset=\"https:\/\/uar.es\/wp-content\/uploads\/2019\/02\/8824CAA3-5E7F-4ECD-9C4B-195C63DF04DF-300x225.jpeg 300w, https:\/\/uar.es\/wp-content\/uploads\/2019\/02\/8824CAA3-5E7F-4ECD-9C4B-195C63DF04DF-500x375.jpeg 500w, https:\/\/uar.es\/wp-content\/uploads\/2019\/02\/8824CAA3-5E7F-4ECD-9C4B-195C63DF04DF.jpeg 600w\" sizes=\"(max-width: 300px) 100vw, 300px\" \/><\/a><\/p>\n<p class=\"s4\" style=\"text-align: justify\">2n en al\u00e7ada infantil mascul\u00ed de l\u2019 Aketza Sumell Garcia amb la marca d\u20191.50m. el mateix Aketza va quedar 5\u00e8 a la prova de Salt de llargada amb 4.42m.<\/p>\n<p class=\"s4\" style=\"text-align: center\"><a href=\"http:\/\/uar.es\/wp-content\/uploads\/2019\/02\/EC00560F-AEAC-4C70-96F6-B1FE0113911D.jpeg\"><img loading=\"lazy\" class=\"alignnone size-medium wp-image-2460\" src=\"http:\/\/uar.es\/wp-content\/uploads\/2019\/02\/EC00560F-AEAC-4C70-96F6-B1FE0113911D-300x225.jpeg\" alt=\"EC00560F-AEAC-4C70-96F6-B1FE0113911D\" width=\"300\" height=\"225\" srcset=\"https:\/\/uar.es\/wp-content\/uploads\/2019\/02\/EC00560F-AEAC-4C70-96F6-B1FE0113911D-300x225.jpeg 300w, https:\/\/uar.es\/wp-content\/uploads\/2019\/02\/EC00560F-AEAC-4C70-96F6-B1FE0113911D-500x375.jpeg 500w, https:\/\/uar.es\/wp-content\/uploads\/2019\/02\/EC00560F-AEAC-4C70-96F6-B1FE0113911D.jpeg 600w\" sizes=\"(max-width: 300px) 100vw, 300px\" \/><\/a><\/p>\n<p class=\"s4\" style=\"text-align: justify\">3a la Martina Capel Gallego al salt de llardada alev\u00ed femen\u00ed amb 3.55m.<\/p>\n<p class=\"s4\"><a href=\"http:\/\/uar.es\/wp-content\/uploads\/2019\/02\/CE7469F7-0D7D-4FBD-8CFF-F20556DE945C.jpeg\"><img loading=\"lazy\" class=\"alignnone size-medium wp-image-2451 aligncenter\" src=\"http:\/\/uar.es\/wp-content\/uploads\/2019\/02\/CE7469F7-0D7D-4FBD-8CFF-F20556DE945C-200x300.jpeg\" alt=\"CE7469F7-0D7D-4FBD-8CFF-F20556DE945C\" width=\"200\" height=\"300\" srcset=\"https:\/\/uar.es\/wp-content\/uploads\/2019\/02\/CE7469F7-0D7D-4FBD-8CFF-F20556DE945C-200x300.jpeg 200w, https:\/\/uar.es\/wp-content\/uploads\/2019\/02\/CE7469F7-0D7D-4FBD-8CFF-F20556DE945C.jpeg 400w\" sizes=\"(max-width: 200px) 100vw, 200px\" \/><\/a><\/p>\n<p class=\"s4\" style=\"text-align: justify\">3r als 2000mll infantil de l\u2019Adri\u00e1n Mac\u00edas Fern\u00e1ndez.<\/p>\n<p class=\"s4\" style=\"text-align: justify\">3a posici\u00f3 al 4&#215;200 infantil femen\u00ed de l\u2019Alba Rodr\u00edguez Santos, Valeria Olalla Gallego, Marta Tomey Jim\u00e9nez i la Paula Haba Mart\u00ednez amb un temps d\u2019 1:58.04.<\/p>\n<p class=\"s4\"><a href=\"http:\/\/uar.es\/wp-content\/uploads\/2019\/02\/DFC766B2-5F48-490D-A7A9-882E64BEAA8B.jpeg\"><img loading=\"lazy\" class=\"alignnone size-medium wp-image-2454 aligncenter\" src=\"http:\/\/uar.es\/wp-content\/uploads\/2019\/02\/DFC766B2-5F48-490D-A7A9-882E64BEAA8B-146x300.jpeg\" alt=\"DFC766B2-5F48-490D-A7A9-882E64BEAA8B\" width=\"146\" height=\"300\" srcset=\"https:\/\/uar.es\/wp-content\/uploads\/2019\/02\/DFC766B2-5F48-490D-A7A9-882E64BEAA8B-146x300.jpeg 146w, https:\/\/uar.es\/wp-content\/uploads\/2019\/02\/DFC766B2-5F48-490D-A7A9-882E64BEAA8B.jpeg 291w\" sizes=\"(max-width: 146px) 100vw, 146px\" \/><\/a><\/p>\n<p class=\"s4\" style=\"text-align: justify\">3r el Jordi Serra Embuena als 600mll infantil amb un registre de 1:47.17<\/p>\n<p class=\"s4\" style=\"text-align: justify\">4a la Noa Mac\u00edas Fern\u00e1dez al salt de llargada benjam\u00ed femen\u00ed amb un salt de 2.78m i a la mateixa prova la NoelaValera Huachaca va quedar 8a amb un salt de 2.60m<\/p>\n<p class=\"s4\" style=\"text-align: justify\">4t l\u2019 Ivan Garc\u00eda Rom\u00e1n als 60mll infantil mascul\u00ed amb 8.51<\/p>\n<p class=\"s4\" style=\"text-align: justify\">5a posici\u00f3 al 4&#215;200 alev\u00ed mascul\u00ed del Francisco Aguilera Escofet, Juan Garc\u00eda Tobi, Guillem Meg\u00edas Fornell i l\u2019 Ivan Molina Espina<\/p>\n<p class=\"s4\" style=\"text-align: justify\">5a als 400mll benjam\u00ed la Noela Valera Huachaca amb un temps d\u20191:21.00<\/p>\n<p class=\"s4\" style=\"text-align: justify\">8\u00e8 el Ferran Meg\u00edas Fornell als 400mll benjam\u00ed mascul\u00ed.<\/p>\n<p class=\"s4\" style=\"text-align: justify\">9\u00e8 el Pau Segovia Velasco als 2000mll infantil mascul\u00ed<\/p>\n<p class=\"s4\" style=\"text-align: justify\">10\u00e8 als 1000mll alev\u00ed mascul\u00ed l\u2019 Ivan Molina Espina.<\/p>\n<p class=\"s4\" style=\"text-align: center\"><strong>FELICITATS A TOTS ELS JOVES!<\/strong><\/p>\n","protected":false},"excerpt":{"rendered":"<p>Aquest dissabte 16 de febrer es va celebrar la final del Trofeu Sabadell de \u00a0promoci\u00f3 on cal destacar grans resultats de la nostra escola d\u2019atletisme i m\u00e9s tenint en compta que al trofeu nom\u00e9s entraven a la final els 8,10 o 12 millors registres d\u2019 hivern en pista coberta com: 1a posici\u00f3 al 4&#215;200 infantil [&hellip;]<\/p>\n","protected":false},"author":9,"featured_media":0,"comment_status":"closed","ping_status":"closed","sticky":false,"template":"","format":"standard","meta":[],"categories":[2],"tags":[],"_links":{"self":[{"href":"https:\/\/uar.es\/index.php?rest_route=\/wp\/v2\/posts\/2448"}],"collection":[{"href":"https:\/\/uar.es\/index.php?rest_route=\/wp\/v2\/posts"}],"about":[{"href":"https:\/\/uar.es\/index.php?rest_route=\/wp\/v2\/types\/post"}],"author":[{"embeddable":true,"href":"https:\/\/uar.es\/index.php?rest_route=\/wp\/v2\/users\/9"}],"replies":[{"embeddable":true,"href":"https:\/\/uar.es\/index.php?rest_route=%2Fwp%2Fv2%2Fcomments&post=2448"}],"version-history":[{"count":4,"href":"https:\/\/uar.es\/index.php?rest_route=\/wp\/v2\/posts\/2448\/revisions"}],"predecessor-version":[{"id":2461,"href":"https:\/\/uar.es\/index.php?rest_route=\/wp\/v2\/posts\/2448\/revisions\/2461"}],"wp:attachment":[{"href":"https:\/\/uar.es\/index.php?rest_route=%2Fwp%2Fv2%2Fmedia&parent=2448"}],"wp:term":[{"taxonomy":"category","embeddable":true,"href":"https:\/\/uar.es\/index.php?rest_route=%2Fwp%2Fv2%2Fcategories&post=2448"},{"taxonomy":"post_tag","embeddable":true,"href":"https:\/\/uar.es\/index.php?rest_route=%2Fwp%2Fv2%2Ftags&post=2448"}],"curies":[{"name":"wp","href":"https:\/\/api.w.org\/{rel}","templated":true}]}}