{"id":2463,"date":"2019-02-27T10:06:47","date_gmt":"2019-02-27T08:06:47","guid":{"rendered":"http:\/\/uar.es\/?p=2463"},"modified":"2019-02-28T17:09:07","modified_gmt":"2019-02-28T15:09:07","slug":"bona-actuacio-dels-infantils-de-la-u-a-rubi-a-la-previa-de-catalunya-datletisme-en-pista-coberta","status":"publish","type":"post","link":"https:\/\/uar.es\/?p=2463","title":{"rendered":"Bona actuaci\u00f3 dels infantils de la U.A.RUB\u00cd  a la pr\u00e8via de Catalunya d\u2019atletisme en pista coberta."},"content":{"rendered":"<p style=\"text-align: justify\">Aquest dissabte 23 de febrer van anar un total de 10 atletes de la U.A.RUB\u00cd\u00a0 a competir a la pr\u00e8via de Catalunya sub14. Nom\u00e9s podien participar aquells atletes que tenien m\u00ednimes acreditades<\/p>\n<p style=\"text-align: justify\">Cal destacar el millor registre en llan\u00e7ament de pes de la nostra atleta Estefany Ba Moreta amb una marca de 12,29m, superant en m\u00e9s de dos metres la segona classificada.<\/p>\n<p style=\"text-align: justify\">L\u2019Ivan Garcia Rom\u00e1n, 2n al salt de llargada amb un registre de 4,69m. I 6\u00e8 als 60m llisos<\/p>\n<p style=\"text-align: justify\">La Valeria Olalla Gallego 5a als 600m amb 1:43.81<\/p>\n<p style=\"text-align: justify\">L\u2019Alba Rodr\u00edguez Santos 6\u00e0 als 60 metres llisos amb 8.38s<\/p>\n<p style=\"text-align: justify\">L\u2019Adri\u00e0 Mac\u00edas Fern\u00e1ndez 5\u00e8 als 2000m amb un temps de 6:47.85.<\/p>\n<p style=\"text-align: justify\">Tamb\u00e9 el Mart\u00ed Ard\u00e9vol al llan\u00e7ament de pes on\u00a0 va quedar l\u2019onz\u00e8 amb una marca de 8,24m.<\/p>\n<p style=\"text-align: justify\"><a href=\"http:\/\/uar.es\/wp-content\/uploads\/2019\/02\/Ivan-garcia-roman-2n.jpg\"><img loading=\"lazy\" class=\"alignnone size-medium wp-image-2466\" src=\"http:\/\/uar.es\/wp-content\/uploads\/2019\/02\/Ivan-garcia-roman-2n-200x300.jpg\" alt=\"Ivan garcia roman 2n\" width=\"200\" height=\"300\" srcset=\"https:\/\/uar.es\/wp-content\/uploads\/2019\/02\/Ivan-garcia-roman-2n-200x300.jpg 200w, https:\/\/uar.es\/wp-content\/uploads\/2019\/02\/Ivan-garcia-roman-2n.jpg 400w\" sizes=\"(max-width: 200px) 100vw, 200px\" \/><\/a> <a href=\"http:\/\/uar.es\/wp-content\/uploads\/2019\/02\/Adri\u00e0-mac\u00edas.jpg\"><img loading=\"lazy\" class=\"alignnone size-medium wp-image-2465\" src=\"http:\/\/uar.es\/wp-content\/uploads\/2019\/02\/Adri\u00e0-mac\u00edas-200x300.jpg\" alt=\"Adri\u00e0 mac\u00edas\" width=\"200\" height=\"300\" srcset=\"https:\/\/uar.es\/wp-content\/uploads\/2019\/02\/Adri\u00e0-mac\u00edas-200x300.jpg 200w, https:\/\/uar.es\/wp-content\/uploads\/2019\/02\/Adri\u00e0-mac\u00edas.jpg 400w\" sizes=\"(max-width: 200px) 100vw, 200px\" \/><\/a> <a href=\"http:\/\/uar.es\/wp-content\/uploads\/2019\/02\/Valeria-Olalla.jpg\"><img loading=\"lazy\" class=\"alignnone size-medium wp-image-2467\" src=\"http:\/\/uar.es\/wp-content\/uploads\/2019\/02\/Valeria-Olalla-200x300.jpg\" alt=\"Valeria Olalla\" width=\"200\" height=\"300\" srcset=\"https:\/\/uar.es\/wp-content\/uploads\/2019\/02\/Valeria-Olalla-200x300.jpg 200w, https:\/\/uar.es\/wp-content\/uploads\/2019\/02\/Valeria-Olalla.jpg 400w\" sizes=\"(max-width: 200px) 100vw, 200px\" \/><\/a><\/p>\n","protected":false},"excerpt":{"rendered":"<p>Aquest dissabte 23 de febrer van anar un total de 10 atletes de la U.A.RUB\u00cd\u00a0 a competir a la pr\u00e8via de Catalunya sub14. Nom\u00e9s podien participar aquells atletes que tenien m\u00ednimes acreditades Cal destacar el millor registre en llan\u00e7ament de pes de la nostra atleta Estefany Ba Moreta amb una marca de 12,29m, superant en [&hellip;]<\/p>\n","protected":false},"author":9,"featured_media":0,"comment_status":"closed","ping_status":"closed","sticky":false,"template":"","format":"standard","meta":[],"categories":[2],"tags":[],"_links":{"self":[{"href":"https:\/\/uar.es\/index.php?rest_route=\/wp\/v2\/posts\/2463"}],"collection":[{"href":"https:\/\/uar.es\/index.php?rest_route=\/wp\/v2\/posts"}],"about":[{"href":"https:\/\/uar.es\/index.php?rest_route=\/wp\/v2\/types\/post"}],"author":[{"embeddable":true,"href":"https:\/\/uar.es\/index.php?rest_route=\/wp\/v2\/users\/9"}],"replies":[{"embeddable":true,"href":"https:\/\/uar.es\/index.php?rest_route=%2Fwp%2Fv2%2Fcomments&post=2463"}],"version-history":[{"count":1,"href":"https:\/\/uar.es\/index.php?rest_route=\/wp\/v2\/posts\/2463\/revisions"}],"predecessor-version":[{"id":2468,"href":"https:\/\/uar.es\/index.php?rest_route=\/wp\/v2\/posts\/2463\/revisions\/2468"}],"wp:attachment":[{"href":"https:\/\/uar.es\/index.php?rest_route=%2Fwp%2Fv2%2Fmedia&parent=2463"}],"wp:term":[{"taxonomy":"category","embeddable":true,"href":"https:\/\/uar.es\/index.php?rest_route=%2Fwp%2Fv2%2Fcategories&post=2463"},{"taxonomy":"post_tag","embeddable":true,"href":"https:\/\/uar.es\/index.php?rest_route=%2Fwp%2Fv2%2Ftags&post=2463"}],"curies":[{"name":"wp","href":"https:\/\/api.w.org\/{rel}","templated":true}]}}