{"id":2524,"date":"2019-05-07T18:41:26","date_gmt":"2019-05-07T16:41:26","guid":{"rendered":"http:\/\/uar.es\/?p=2524"},"modified":"2019-05-17T17:35:12","modified_gmt":"2019-05-17T15:35:12","slug":"campionat-catalunya-master-pentatlo","status":"publish","type":"post","link":"https:\/\/uar.es\/?p=2524","title":{"rendered":"Campionat Catalunya M\u00e0ster Pentatl\u00f3"},"content":{"rendered":"<div dir=\"auto\" style=\"text-align: justify\">Dissabte 4 de maig es va disputar a Palafrugell el Campionat de Catalunya Masters de Pentatl\u00f3 de llan\u00e7aments on la UAR va tenir representaci\u00f3 de dos atletes, el <strong>Juan Antonio Segarra<\/strong> i el <strong>Manel Centella<\/strong>.<\/div>\n<div dir=\"auto\" style=\"text-align: justify\"><\/div>\n<div dir=\"auto\" style=\"text-align: justify\">Segarra va quedar <strong>subcampi\u00f3<\/strong> de la categoria M45 amb una marca de 2960 punts, Centella es va quedar a les portes del podi amb una <strong>4ta posici\u00f3<\/strong> amb 2484 punts.<\/div>\n<div dir=\"auto\" style=\"text-align: justify\"><\/div>\n<div dir=\"auto\" style=\"text-align: justify\"><\/div>\n<div dir=\"auto\" style=\"text-align: justify\">Segarra va llan\u00e7ar 32.14m en martell, 11.86m en pes, 28.68m en disc, 40.90m en javelina i 10.70m en martell pesat.<\/div>\n<div dir=\"auto\" style=\"text-align: justify\"><\/div>\n<div dir=\"auto\" style=\"text-align: justify\">Centella, per la seva part, va llen\u00e7ar 32.89m en martell, 9.44m en pes, 28.88m en disc, 28.18m en javelina i 9.16m en martell pesat.<\/div>\n<div dir=\"auto\"><\/div>\n<div dir=\"auto\"><\/div>\n<p><a href=\"http:\/\/uar.es\/wp-content\/uploads\/2019\/05\/20190504_144639.jpg\"><img loading=\"lazy\" class=\"size-medium wp-image-2526 aligncenter\" src=\"http:\/\/uar.es\/wp-content\/uploads\/2019\/05\/20190504_144639-300x225.jpg\" alt=\"20190504_144639\" width=\"300\" height=\"225\" srcset=\"https:\/\/uar.es\/wp-content\/uploads\/2019\/05\/20190504_144639-300x225.jpg 300w, https:\/\/uar.es\/wp-content\/uploads\/2019\/05\/20190504_144639-500x375.jpg 500w, https:\/\/uar.es\/wp-content\/uploads\/2019\/05\/20190504_144639.jpg 600w\" sizes=\"(max-width: 300px) 100vw, 300px\" \/><\/a><\/p>\n<p><a href=\"http:\/\/uar.es\/wp-content\/uploads\/2019\/05\/20190504_144605.jpg\"><img loading=\"lazy\" class=\"wp-image-2525 size-medium aligncenter\" src=\"http:\/\/uar.es\/wp-content\/uploads\/2019\/05\/20190504_144605-e1557247244190-225x300.jpg\" alt=\"20190504_144605\" width=\"225\" height=\"300\" srcset=\"https:\/\/uar.es\/wp-content\/uploads\/2019\/05\/20190504_144605-e1557247244190-225x300.jpg 225w, https:\/\/uar.es\/wp-content\/uploads\/2019\/05\/20190504_144605-e1557247244190.jpg 450w\" sizes=\"(max-width: 225px) 100vw, 225px\" \/><\/a><\/p>\n","protected":false},"excerpt":{"rendered":"<p>Dissabte 4 de maig es va disputar a Palafrugell el Campionat de Catalunya Masters de Pentatl\u00f3 de llan\u00e7aments on la UAR va tenir representaci\u00f3 de dos atletes, el Juan Antonio Segarra i el Manel Centella. Segarra va quedar subcampi\u00f3 de la categoria M45 amb una marca de 2960 punts, Centella es va quedar a les [&hellip;]<\/p>\n","protected":false},"author":9,"featured_media":0,"comment_status":"closed","ping_status":"closed","sticky":false,"template":"","format":"standard","meta":[],"categories":[2],"tags":[],"_links":{"self":[{"href":"https:\/\/uar.es\/index.php?rest_route=\/wp\/v2\/posts\/2524"}],"collection":[{"href":"https:\/\/uar.es\/index.php?rest_route=\/wp\/v2\/posts"}],"about":[{"href":"https:\/\/uar.es\/index.php?rest_route=\/wp\/v2\/types\/post"}],"author":[{"embeddable":true,"href":"https:\/\/uar.es\/index.php?rest_route=\/wp\/v2\/users\/9"}],"replies":[{"embeddable":true,"href":"https:\/\/uar.es\/index.php?rest_route=%2Fwp%2Fv2%2Fcomments&post=2524"}],"version-history":[{"count":3,"href":"https:\/\/uar.es\/index.php?rest_route=\/wp\/v2\/posts\/2524\/revisions"}],"predecessor-version":[{"id":2534,"href":"https:\/\/uar.es\/index.php?rest_route=\/wp\/v2\/posts\/2524\/revisions\/2534"}],"wp:attachment":[{"href":"https:\/\/uar.es\/index.php?rest_route=%2Fwp%2Fv2%2Fmedia&parent=2524"}],"wp:term":[{"taxonomy":"category","embeddable":true,"href":"https:\/\/uar.es\/index.php?rest_route=%2Fwp%2Fv2%2Fcategories&post=2524"},{"taxonomy":"post_tag","embeddable":true,"href":"https:\/\/uar.es\/index.php?rest_route=%2Fwp%2Fv2%2Ftags&post=2524"}],"curies":[{"name":"wp","href":"https:\/\/api.w.org\/{rel}","templated":true}]}}