{"id":2528,"date":"2019-05-16T08:03:48","date_gmt":"2019-05-16T06:03:48","guid":{"rendered":"http:\/\/uar.es\/?p=2528"},"modified":"2019-05-17T08:15:51","modified_gmt":"2019-05-17T06:15:51","slug":"la-u-a-rubi-organitza-amb-gran-exit-el-7e-control-de-la-federacio-datletisme","status":"publish","type":"post","link":"https:\/\/uar.es\/?p=2528","title":{"rendered":"La U.A. RUB\u00cd organitza amb gran \u00e8xit el 7\u00e8 control de la Federaci\u00f3 d\u2019atletisme."},"content":{"rendered":"<p class=\"s3\" style=\"text-align: justify\"><span class=\"s4\"><span class=\"bumpedFont15\">El passat dissabte 1<\/span><\/span><span class=\"s4\"><span class=\"bumpedFont15\">1 de maig<\/span><\/span><span class=\"s4\"><span class=\"bumpedFont15\">, a les pistes d\u2019atletisme de Can Ros\u00e9s,<\/span><\/span><span class=\"s4\"><span class=\"bumpedFont15\"> es va celebrar el 7\u00e8 control de la federaci\u00f3 Catalana d\u2019atletisme.<\/span><\/span><\/p>\n<p style=\"text-align: justify\"><span class=\"s4\"><span class=\"bumpedFont15\">Un total d\u2019uns 750<\/span><\/span><span class=\"s4\"><span class=\"bumpedFont15\"> atletes van participar entre les categories sub10, 12 i <\/span><\/span><span class=\"s4\"><span class=\"bumpedFont15\">sub<\/span><\/span><span class=\"s4\"><span class=\"bumpedFont15\"> 14. Dels nostres atletes cal destacar la gran marca de <\/span><\/span><span class=\"s4\"><span class=\"bumpedFont15\">l\u2019Aketza<\/span><\/span> <span class=\"s4\"><span class=\"bumpedFont15\">Sumell<\/span><\/span><span class=\"s4\"><span class=\"bumpedFont15\"> Garcia al salt d\u2019al\u00e7ada amb una marca 1,64 realitzant m\u00ednima per participar al campionat d\u2019Espanya sub14 que se celebrar\u00e0 a S\u00f2ria el proper cap de setmana de l\u20191-2 de juny.<\/span><\/span><\/p>\n<p style=\"text-align: justify\"><span class=\"s4\"><span class=\"bumpedFont15\">El diumenge 12 de maig 11 corredors de la <\/span><\/span><span class=\"s4\"><span class=\"bumpedFont15\">U.A.Rub\u00ed<\/span><\/span><span class=\"s4\"><span class=\"bumpedFont15\">van realitzar la cursa de Muntanya de Rub\u00ed <\/span><\/span><span class=\"s4\"><span class=\"bumpedFont15\">on cal destacar la 1a posici\u00f3 de la general, primera de Rub\u00ed <\/span><\/span><span class=\"s4\"><span class=\"bumpedFont15\">i 1a de la categoria de la N\u00faria Segura Co<\/span><\/span><span class=\"s4\"><span class=\"bumpedFont15\">ca amb una marca de 1.02:45 o <\/span><\/span><span class=\"s4\"><span class=\"bumpedFont15\">l\u2019<\/span><\/span><span class=\"s4\"><span class=\"bumpedFont15\">Ivan Santos Ucar 11\u00e8 <\/span><\/span><a name=\"_GoBack\"><\/a><span class=\"s4\"><span class=\"bumpedFont15\">de la<\/span><\/span><span class=\"s4\"><span class=\"bumpedFont15\">General amb un temps de: 55:05 \u00a0i el Toni <\/span><\/span><span class=\"s4\"><span class=\"bumpedFont15\">Navas<\/span><\/span><span class=\"s4\"><span class=\"bumpedFont15\">Montero 14\u00e8 amb 55:48. <\/span><\/span><span class=\"s4\"><span class=\"bumpedFont15\">C<\/span><\/span><span class=\"s4\"><span class=\"bumpedFont15\">ursa amb un recorregut <\/span><\/span><span class=\"s4\"><span class=\"bumpedFont15\">bonic<\/span><\/span><span class=\"s4\"><span class=\"bumpedFont15\"> \u00a0i entretingut \u00a0que cada any anima a m\u00e9s <\/span><\/span><span class=\"s4\"><span class=\"bumpedFont15\">gent a participar<\/span><\/span><span class=\"s4\"><span class=\"bumpedFont15\">, aquest any <\/span><\/span><span class=\"s4\"><span class=\"bumpedFont15\">amb <\/span><\/span><span class=\"s4\"><span class=\"bumpedFont15\">un total de 238 atletes.<\/span><\/span><\/p>\n<p style=\"text-align: justify\"><span class=\"s4\"><span class=\"bumpedFont15\">Per\u00f2 no podem oblidar-nos de l\u2019incombustible l\u2019Ignasi <\/span><\/span><span class=\"s4\"><span class=\"bumpedFont15\">Melo<\/span><\/span> <span class=\"s4\"><span class=\"bumpedFont15\">Vallas<\/span><\/span><span class=\"s4\"><span class=\"bumpedFont15\"> que va fer Mitja marat\u00f3 Formentera quedant 1r <\/span><\/span><span class=\"s4\"><span class=\"bumpedFont15\">e<\/span><\/span><span class=\"s4\"><span class=\"bumpedFont15\">n la categoria M60 amb un cronometratge <\/span><\/span><span class=\"s4\"><span class=\"bumpedFont15\">de 1h39&#8217;23\u00bb<\/span><\/span><span class=\"s4\"><span class=\"bumpedFont15\">.<\/span><\/span><\/p>\n<p><a href=\"http:\/\/uar.es\/wp-content\/uploads\/2019\/05\/DC2B7949-202C-4FCF-8BCC-4CB94D28A5BD.jpeg\"><img loading=\"lazy\" class=\"alignnone size-medium wp-image-2529 aligncenter\" src=\"http:\/\/uar.es\/wp-content\/uploads\/2019\/05\/DC2B7949-202C-4FCF-8BCC-4CB94D28A5BD-300x225.jpeg\" alt=\"DC2B7949-202C-4FCF-8BCC-4CB94D28A5BD\" width=\"300\" height=\"225\" srcset=\"https:\/\/uar.es\/wp-content\/uploads\/2019\/05\/DC2B7949-202C-4FCF-8BCC-4CB94D28A5BD-300x225.jpeg 300w, https:\/\/uar.es\/wp-content\/uploads\/2019\/05\/DC2B7949-202C-4FCF-8BCC-4CB94D28A5BD-500x375.jpeg 500w, https:\/\/uar.es\/wp-content\/uploads\/2019\/05\/DC2B7949-202C-4FCF-8BCC-4CB94D28A5BD.jpeg 600w\" sizes=\"(max-width: 300px) 100vw, 300px\" \/><\/a> <a href=\"http:\/\/uar.es\/wp-content\/uploads\/2019\/05\/DB69F237-21AC-4F9B-96CF-2929749066D8.jpeg\"><img loading=\"lazy\" class=\"size-medium wp-image-2530 aligncenter\" src=\"http:\/\/uar.es\/wp-content\/uploads\/2019\/05\/DB69F237-21AC-4F9B-96CF-2929749066D8-300x169.jpeg\" alt=\"DB69F237-21AC-4F9B-96CF-2929749066D8\" width=\"300\" height=\"169\" srcset=\"https:\/\/uar.es\/wp-content\/uploads\/2019\/05\/DB69F237-21AC-4F9B-96CF-2929749066D8-300x169.jpeg 300w, https:\/\/uar.es\/wp-content\/uploads\/2019\/05\/DB69F237-21AC-4F9B-96CF-2929749066D8-500x281.jpeg 500w, https:\/\/uar.es\/wp-content\/uploads\/2019\/05\/DB69F237-21AC-4F9B-96CF-2929749066D8.jpeg 600w\" sizes=\"(max-width: 300px) 100vw, 300px\" \/><\/a><\/p>\n","protected":false},"excerpt":{"rendered":"<p>El passat dissabte 11 de maig, a les pistes d\u2019atletisme de Can Ros\u00e9s, es va celebrar el 7\u00e8 control de la federaci\u00f3 Catalana d\u2019atletisme. Un total d\u2019uns 750 atletes van participar entre les categories sub10, 12 i sub 14. Dels nostres atletes cal destacar la gran marca de l\u2019Aketza Sumell Garcia al salt d\u2019al\u00e7ada amb [&hellip;]<\/p>\n","protected":false},"author":9,"featured_media":0,"comment_status":"closed","ping_status":"closed","sticky":false,"template":"","format":"standard","meta":[],"categories":[2],"tags":[],"_links":{"self":[{"href":"https:\/\/uar.es\/index.php?rest_route=\/wp\/v2\/posts\/2528"}],"collection":[{"href":"https:\/\/uar.es\/index.php?rest_route=\/wp\/v2\/posts"}],"about":[{"href":"https:\/\/uar.es\/index.php?rest_route=\/wp\/v2\/types\/post"}],"author":[{"embeddable":true,"href":"https:\/\/uar.es\/index.php?rest_route=\/wp\/v2\/users\/9"}],"replies":[{"embeddable":true,"href":"https:\/\/uar.es\/index.php?rest_route=%2Fwp%2Fv2%2Fcomments&post=2528"}],"version-history":[{"count":1,"href":"https:\/\/uar.es\/index.php?rest_route=\/wp\/v2\/posts\/2528\/revisions"}],"predecessor-version":[{"id":2531,"href":"https:\/\/uar.es\/index.php?rest_route=\/wp\/v2\/posts\/2528\/revisions\/2531"}],"wp:attachment":[{"href":"https:\/\/uar.es\/index.php?rest_route=%2Fwp%2Fv2%2Fmedia&parent=2528"}],"wp:term":[{"taxonomy":"category","embeddable":true,"href":"https:\/\/uar.es\/index.php?rest_route=%2Fwp%2Fv2%2Fcategories&post=2528"},{"taxonomy":"post_tag","embeddable":true,"href":"https:\/\/uar.es\/index.php?rest_route=%2Fwp%2Fv2%2Ftags&post=2528"}],"curies":[{"name":"wp","href":"https:\/\/api.w.org\/{rel}","templated":true}]}}