{"id":2568,"date":"2019-06-25T13:42:26","date_gmt":"2019-06-25T11:42:26","guid":{"rendered":"http:\/\/uar.es\/?p=2568"},"modified":"2019-06-25T13:58:55","modified_gmt":"2019-06-25T11:58:55","slug":"pluja-de-medalles-i-bons-resultats-al-campionats-de-catalunya-de-promocio","status":"publish","type":"post","link":"https:\/\/uar.es\/?p=2568","title":{"rendered":"PLUJA DE MEDALLES I BONS RESULTATS AL CAMPIONATS DE CATALUNYA DE PROMOCI\u00d3"},"content":{"rendered":"<p class=\"x_MsoNormal\"><span lang=\"CA\">El passat cap de setmana es va celebrar la Jornada Final dels Campionats de Catalunya Sub10, Sub12 i Sub14, en dissabte, i la Jornada Final dels Campionat de Catalunya Sub16, en diumenge, a l\u2019Estadi Municipal Les Bases de Lleida.<\/span><\/p>\n<p class=\"x_MsoNormal\"><span lang=\"CA\">En jornada final <b><u>SUB10, SUB12 I SUB14<\/u><\/b> hi van participar els atletes que es van classificar a les corresponents jornades pr\u00e8vies, que s\u00f3n les setze millors marques per categoria i prova excepte en els concursos que es van classificar dotze. M\u00e9s d\u2019un miler d\u2019atletes catalans van participar en aquests campionats auton\u00f2mics. Cal destacar que per part de la UAR vam tenir dos atletes en la categoria Sub10, un atleta en la Sub12 i set en la categoria Sub14.<\/span><\/p>\n<p class=\"x_MsoNormal\"><span lang=\"CA\">Les atletes participants en la categoria Sub10 van ser <b>Noelia Valera<\/b>, que va participar en el salt d\u2019al\u00e7ada, quedant 4ta amb un registre de 1.05 i <b>Ana Chia<\/b>, que va quedar 7ena en llan\u00e7ament de pilota amb un millor llan\u00e7ament de 15.34.<\/span><\/p>\n<p class=\"x_MsoNormal\"><span lang=\"CA\">En la categoria Sub12 va participar <b>Didac Vila<\/b> quedant 9\u00e9 en el llan\u00e7ament de pes amb un registre de 7.71m<\/span><\/p>\n<p class=\"x_MsoNormal\"><span lang=\"CA\">Pel que fa a la categoria Sub14 van recollir un total de 6 medalles, quatre van ser de plata, es a dir Subcampions i subcampiones de Catalunya i dos de bronze.<\/span><\/p>\n<p class=\"x_MsoNormal\"><b><span lang=\"CA\">Aketza Sumell<\/span><\/b><span lang=\"CA\"> es va penjar la medalla de plata en el salt d\u2019al\u00e7ada, realitzant un millor salt de 1.63. Tamb\u00e9 va realitzar la prova dels 220mt, on va guanyar la s\u00e8rie classificat\u00f2ria per poder accedir a la final i en aquesta va quedar 5\u00e9 amb un registre de 33.32.<\/span><\/p>\n<p class=\"x_MsoNormal\"><b><span lang=\"CA\">Ivan Garcia<\/span><\/b><span lang=\"CA\"> tamb\u00e9 es va penjar la medalla de plata en salt de\u00a0 llargada, realitzant una millor marca persona de 5.01 i superant la barrera dels cinc metres.<\/span><\/p>\n<p class=\"x_MsoNormal\"><b><span lang=\"CA\">Alba Rodriguez<\/span><\/b><span lang=\"CA\"> va c\u00f3rrer els 150metres, va guanyar la s\u00e8rie classificat\u00f2ria per accedir a la final, i en aquesta va quedar segona, penjant-se la medalla de plata amb un registre de 19.76.<\/span><\/p>\n<p class=\"x_MsoNormal\"><b><span lang=\"CA\">Valeria Olalla<\/span><\/b><span lang=\"CA\"> va c\u00f3rrer el 600 metres llisos quedant amb una 3\u00aa posici\u00f3 i parant el cron\u00f2metre en 1:43.15.<\/span><\/p>\n<p class=\"x_MsoNormal\"><span lang=\"CA\">Les altres dos medalles van ser penjades a <b>Estefany Ba<\/b> en llan\u00e7ament de pes i llan\u00e7ament de disc, quedant segona amb un registre de 12.49 i tercera amb 24.97, respectivament.<\/span><\/p>\n<p class=\"x_MsoNormal\"><b><span lang=\"CA\">Adrian Macias<\/span><\/b><span lang=\"CA\"> es va quedar a les portes el podi amb una 4ta posici\u00f3 als 1000 obstacles, parant el cron\u00f2metre en 3:11.31.<\/span><\/p>\n<p class=\"x_MsoNormal\"><span lang=\"CA\">I <b>Marti Ardevol<\/b> va realitzar el llan\u00e7ament de Martell, quedant en 7ena posici\u00f3 i llen\u00e7ant l\u2019artefacte fins als 25.78m.<\/span><\/p>\n<p class=\"x_MsoNormal\"><span lang=\"CA\">Pel que fa a la <b><u>CATEGORIA SUB16<\/u><\/b> hi van participar prop de quatre centenar d\u2019atletes catalans participaran en aquests campionats auton\u00f2mics, entre ells quatre atletes de la UAR.<\/span><\/p>\n<p class=\"x_MsoNormal\"><b><span lang=\"CA\">Pol Cordero<\/span><\/b><span lang=\"CA\"> va participar en salt d\u2019al\u00e7ada on va quedar 12\u00e9 amb un salt de 1.54 i en triple salt va quedar 5\u00e9 amb un millor salt de 12.07m<\/span><\/p>\n<p class=\"x_MsoNormal\"><b><span lang=\"CA\">Violeta Vilches<\/span><\/b><span lang=\"CA\"> va c\u00f3rrer el 300 llisos, va quedar 7ena de la s\u00e8rie amb 44.02.<\/span><\/p>\n<p class=\"x_MsoNormal\"><b><span lang=\"CA\">Lucia Velazquez<\/span><\/b><span lang=\"CA\"> va realitzar la prova de llan\u00e7ament de martell, on va quedar 10ena amb una marca de 20.81.<\/span><\/p>\n<p class=\"x_MsoNormal\"><span lang=\"CA\">Per acabar la jornada, <b>Ona Gombau<\/b> va fer llan\u00e7ament de javelina, on va quedar 8ena amb un millor llan\u00e7ament de 22.54.<\/span><\/p>\n<p class=\"x_MsoNormal\"><span lang=\"CA\">Podeu veure un recull de fotografies dels nostres atletes al seg\u00fcent link: <\/span><span lang=\"CA\"><a href=\"https:\/\/photos.app.goo.gl\/oPXE2sPH8ptzhb19A\" target=\"_blank\" rel=\"noopener noreferrer\">https:\/\/photos.app.goo.gl\/oPXE2sPH8ptzhb19A<\/a><\/span><\/p>\n<p class=\"x_MsoNormal\"><span lang=\"CA\">Que tingueu un bon estiu!<\/p>\n<p><a href=\"http:\/\/uar.es\/wp-content\/uploads\/2019\/06\/IMG_7584.jpg\"><img loading=\"lazy\" class=\"alignnone size-medium wp-image-2570\" src=\"http:\/\/uar.es\/wp-content\/uploads\/2019\/06\/IMG_7584-300x200.jpg\" alt=\"IMG_7584\" width=\"300\" height=\"200\" srcset=\"https:\/\/uar.es\/wp-content\/uploads\/2019\/06\/IMG_7584-300x200.jpg 300w, https:\/\/uar.es\/wp-content\/uploads\/2019\/06\/IMG_7584-500x333.jpg 500w, https:\/\/uar.es\/wp-content\/uploads\/2019\/06\/IMG_7584.jpg 600w\" sizes=\"(max-width: 300px) 100vw, 300px\" \/><\/a> <a href=\"http:\/\/uar.es\/wp-content\/uploads\/2019\/06\/IMG_7587.jpg\"><img loading=\"lazy\" class=\"alignnone size-medium wp-image-2571\" src=\"http:\/\/uar.es\/wp-content\/uploads\/2019\/06\/IMG_7587-200x300.jpg\" alt=\"IMG_7587\" width=\"200\" height=\"300\" srcset=\"https:\/\/uar.es\/wp-content\/uploads\/2019\/06\/IMG_7587-200x300.jpg 200w, https:\/\/uar.es\/wp-content\/uploads\/2019\/06\/IMG_7587.jpg 399w\" sizes=\"(max-width: 200px) 100vw, 200px\" \/><\/a> <a href=\"http:\/\/uar.es\/wp-content\/uploads\/2019\/06\/IMG_7606.jpg\"><img loading=\"lazy\" class=\"alignnone size-medium wp-image-2572\" src=\"http:\/\/uar.es\/wp-content\/uploads\/2019\/06\/IMG_7606-300x200.jpg\" alt=\"IMG_7606\" width=\"300\" height=\"200\" srcset=\"https:\/\/uar.es\/wp-content\/uploads\/2019\/06\/IMG_7606-300x200.jpg 300w, https:\/\/uar.es\/wp-content\/uploads\/2019\/06\/IMG_7606-500x333.jpg 500w, https:\/\/uar.es\/wp-content\/uploads\/2019\/06\/IMG_7606.jpg 600w\" sizes=\"(max-width: 300px) 100vw, 300px\" \/><\/a> <a href=\"http:\/\/uar.es\/wp-content\/uploads\/2019\/06\/IMG_7615.jpg\"><img loading=\"lazy\" class=\"alignnone size-medium wp-image-2573\" src=\"http:\/\/uar.es\/wp-content\/uploads\/2019\/06\/IMG_7615-300x200.jpg\" alt=\"IMG_7615\" width=\"300\" height=\"200\" srcset=\"https:\/\/uar.es\/wp-content\/uploads\/2019\/06\/IMG_7615-300x200.jpg 300w, https:\/\/uar.es\/wp-content\/uploads\/2019\/06\/IMG_7615-500x333.jpg 500w, https:\/\/uar.es\/wp-content\/uploads\/2019\/06\/IMG_7615.jpg 600w\" sizes=\"(max-width: 300px) 100vw, 300px\" \/><\/a> <a href=\"http:\/\/uar.es\/wp-content\/uploads\/2019\/06\/IMG_7624.jpg\"><img loading=\"lazy\" class=\"alignnone size-medium wp-image-2574\" src=\"http:\/\/uar.es\/wp-content\/uploads\/2019\/06\/IMG_7624-200x300.jpg\" alt=\"IMG_7624\" width=\"200\" height=\"300\" srcset=\"https:\/\/uar.es\/wp-content\/uploads\/2019\/06\/IMG_7624-200x300.jpg 200w, https:\/\/uar.es\/wp-content\/uploads\/2019\/06\/IMG_7624.jpg 399w\" sizes=\"(max-width: 200px) 100vw, 200px\" \/><\/a> <a href=\"http:\/\/uar.es\/wp-content\/uploads\/2019\/06\/IMG_7634.jpg\"><img loading=\"lazy\" class=\"alignnone size-medium wp-image-2575\" src=\"http:\/\/uar.es\/wp-content\/uploads\/2019\/06\/IMG_7634-200x300.jpg\" alt=\"IMG_7634\" width=\"200\" height=\"300\" srcset=\"https:\/\/uar.es\/wp-content\/uploads\/2019\/06\/IMG_7634-200x300.jpg 200w, https:\/\/uar.es\/wp-content\/uploads\/2019\/06\/IMG_7634.jpg 399w\" sizes=\"(max-width: 200px) 100vw, 200px\" \/><\/a> <a href=\"http:\/\/uar.es\/wp-content\/uploads\/2019\/06\/IMG_7652.jpg\"><img loading=\"lazy\" class=\"alignnone size-medium wp-image-2576\" src=\"http:\/\/uar.es\/wp-content\/uploads\/2019\/06\/IMG_7652-300x200.jpg\" alt=\"IMG_7652\" width=\"300\" height=\"200\" srcset=\"https:\/\/uar.es\/wp-content\/uploads\/2019\/06\/IMG_7652-300x200.jpg 300w, https:\/\/uar.es\/wp-content\/uploads\/2019\/06\/IMG_7652-500x333.jpg 500w, https:\/\/uar.es\/wp-content\/uploads\/2019\/06\/IMG_7652.jpg 600w\" sizes=\"(max-width: 300px) 100vw, 300px\" \/><\/a> <a href=\"http:\/\/uar.es\/wp-content\/uploads\/2019\/06\/IMG_7669.jpg\"><img loading=\"lazy\" class=\"alignnone size-medium wp-image-2577\" src=\"http:\/\/uar.es\/wp-content\/uploads\/2019\/06\/IMG_7669-300x200.jpg\" alt=\"IMG_7669\" width=\"300\" height=\"200\" srcset=\"https:\/\/uar.es\/wp-content\/uploads\/2019\/06\/IMG_7669-300x200.jpg 300w, https:\/\/uar.es\/wp-content\/uploads\/2019\/06\/IMG_7669-500x333.jpg 500w, https:\/\/uar.es\/wp-content\/uploads\/2019\/06\/IMG_7669.jpg 600w\" sizes=\"(max-width: 300px) 100vw, 300px\" \/><\/a> <a href=\"http:\/\/uar.es\/wp-content\/uploads\/2019\/06\/IMG_7684.jpg\"><img loading=\"lazy\" class=\"alignnone size-medium wp-image-2578\" src=\"http:\/\/uar.es\/wp-content\/uploads\/2019\/06\/IMG_7684-200x300.jpg\" alt=\"IMG_7684\" width=\"200\" height=\"300\" srcset=\"https:\/\/uar.es\/wp-content\/uploads\/2019\/06\/IMG_7684-200x300.jpg 200w, https:\/\/uar.es\/wp-content\/uploads\/2019\/06\/IMG_7684.jpg 399w\" sizes=\"(max-width: 200px) 100vw, 200px\" \/><\/a> <a href=\"http:\/\/uar.es\/wp-content\/uploads\/2019\/06\/IMG_7728.jpg\"><img loading=\"lazy\" class=\"alignnone size-medium wp-image-2579\" src=\"http:\/\/uar.es\/wp-content\/uploads\/2019\/06\/IMG_7728-200x300.jpg\" alt=\"IMG_7728\" width=\"200\" height=\"300\" srcset=\"https:\/\/uar.es\/wp-content\/uploads\/2019\/06\/IMG_7728-200x300.jpg 200w, https:\/\/uar.es\/wp-content\/uploads\/2019\/06\/IMG_7728.jpg 399w\" sizes=\"(max-width: 200px) 100vw, 200px\" \/><\/a> <a href=\"http:\/\/uar.es\/wp-content\/uploads\/2019\/06\/IMG_7754.jpg\"><img loading=\"lazy\" class=\"alignnone size-medium wp-image-2580\" src=\"http:\/\/uar.es\/wp-content\/uploads\/2019\/06\/IMG_7754-300x200.jpg\" alt=\"IMG_7754\" width=\"300\" height=\"200\" srcset=\"https:\/\/uar.es\/wp-content\/uploads\/2019\/06\/IMG_7754-300x200.jpg 300w, https:\/\/uar.es\/wp-content\/uploads\/2019\/06\/IMG_7754-500x333.jpg 500w, https:\/\/uar.es\/wp-content\/uploads\/2019\/06\/IMG_7754.jpg 600w\" sizes=\"(max-width: 300px) 100vw, 300px\" \/><\/a> <a href=\"http:\/\/uar.es\/wp-content\/uploads\/2019\/06\/IMG_7781.jpg\"><img loading=\"lazy\" class=\"alignnone size-medium wp-image-2581\" src=\"http:\/\/uar.es\/wp-content\/uploads\/2019\/06\/IMG_7781-300x200.jpg\" alt=\"IMG_7781\" width=\"300\" height=\"200\" srcset=\"https:\/\/uar.es\/wp-content\/uploads\/2019\/06\/IMG_7781-300x200.jpg 300w, https:\/\/uar.es\/wp-content\/uploads\/2019\/06\/IMG_7781-500x333.jpg 500w, https:\/\/uar.es\/wp-content\/uploads\/2019\/06\/IMG_7781.jpg 600w\" sizes=\"(max-width: 300px) 100vw, 300px\" \/><\/a><\/span><\/p>\n","protected":false},"excerpt":{"rendered":"<p>El passat cap de setmana es va celebrar la Jornada Final dels Campionats de Catalunya Sub10, Sub12 i Sub14, en dissabte, i la Jornada Final dels Campionat de Catalunya Sub16, en diumenge, a l\u2019Estadi Municipal Les Bases de Lleida. En jornada final SUB10, SUB12 I SUB14 hi van participar els atletes que es van classificar [&hellip;]<\/p>\n","protected":false},"author":9,"featured_media":0,"comment_status":"closed","ping_status":"closed","sticky":false,"template":"","format":"standard","meta":[],"categories":[2],"tags":[],"_links":{"self":[{"href":"https:\/\/uar.es\/index.php?rest_route=\/wp\/v2\/posts\/2568"}],"collection":[{"href":"https:\/\/uar.es\/index.php?rest_route=\/wp\/v2\/posts"}],"about":[{"href":"https:\/\/uar.es\/index.php?rest_route=\/wp\/v2\/types\/post"}],"author":[{"embeddable":true,"href":"https:\/\/uar.es\/index.php?rest_route=\/wp\/v2\/users\/9"}],"replies":[{"embeddable":true,"href":"https:\/\/uar.es\/index.php?rest_route=%2Fwp%2Fv2%2Fcomments&post=2568"}],"version-history":[{"count":3,"href":"https:\/\/uar.es\/index.php?rest_route=\/wp\/v2\/posts\/2568\/revisions"}],"predecessor-version":[{"id":2583,"href":"https:\/\/uar.es\/index.php?rest_route=\/wp\/v2\/posts\/2568\/revisions\/2583"}],"wp:attachment":[{"href":"https:\/\/uar.es\/index.php?rest_route=%2Fwp%2Fv2%2Fmedia&parent=2568"}],"wp:term":[{"taxonomy":"category","embeddable":true,"href":"https:\/\/uar.es\/index.php?rest_route=%2Fwp%2Fv2%2Fcategories&post=2568"},{"taxonomy":"post_tag","embeddable":true,"href":"https:\/\/uar.es\/index.php?rest_route=%2Fwp%2Fv2%2Ftags&post=2568"}],"curies":[{"name":"wp","href":"https:\/\/api.w.org\/{rel}","templated":true}]}}