{"id":2584,"date":"2019-07-01T16:56:25","date_gmt":"2019-07-01T14:56:25","guid":{"rendered":"http:\/\/uar.es\/?p=2584"},"modified":"2019-07-01T16:58:25","modified_gmt":"2019-07-01T14:58:25","slug":"resolucio-deleccions-a-la-junta-de-la-unio-atletica-rubi","status":"publish","type":"post","link":"https:\/\/uar.es\/?p=2584","title":{"rendered":"Resoluci\u00f3 d\u2019eleccions a la Junta de la Uni\u00f3 Atl\u00e8tica Rub\u00ed"},"content":{"rendered":"<p style=\"text-align: justify;\">Benvolgudes s\u00f2cies, benvolguts socis,<\/p>\n<p style=\"text-align: justify;\">Us comuniquem que, un cop\u00a0finalitzat el termini de presentaci\u00f3 de candidatures a Junta Directiva de la Uni\u00f3 Atl\u00e8tica Rub\u00ed, tant sols s\u2019ha presentat la candidatura dirigida per\u00a0<strong>Fernando Vel\u00e1zquez.<\/strong><\/p>\n<p style=\"text-align: justify;\">En compliment del cap\u00edtol quart de l\u2019article 28 dels estatuts de la Uni\u00f3 Atl\u00e8tica Rub\u00ed, la Junta Electoral\u00a0proclama els seus components com a elegits per a la Junta Directiva.<\/p>\n<p style=\"text-align: justify;\">Rub\u00ed, a 28 de juny de 2019.<\/p>\n<p style=\"text-align: justify;\">La Junta Electoral<\/p>\n","protected":false},"excerpt":{"rendered":"<p>Benvolgudes s\u00f2cies, benvolguts socis, Us comuniquem que, un cop\u00a0finalitzat el termini de presentaci\u00f3 de candidatures a Junta Directiva de la Uni\u00f3 Atl\u00e8tica Rub\u00ed, tant sols s\u2019ha presentat la candidatura dirigida per\u00a0Fernando Vel\u00e1zquez. En compliment del cap\u00edtol quart de l\u2019article 28 dels estatuts de la Uni\u00f3 Atl\u00e8tica Rub\u00ed, la Junta Electoral\u00a0proclama els seus components com a [&hellip;]<\/p>\n","protected":false},"author":6,"featured_media":0,"comment_status":"closed","ping_status":"closed","sticky":false,"template":"","format":"standard","meta":[],"categories":[2],"tags":[],"_links":{"self":[{"href":"https:\/\/uar.es\/index.php?rest_route=\/wp\/v2\/posts\/2584"}],"collection":[{"href":"https:\/\/uar.es\/index.php?rest_route=\/wp\/v2\/posts"}],"about":[{"href":"https:\/\/uar.es\/index.php?rest_route=\/wp\/v2\/types\/post"}],"author":[{"embeddable":true,"href":"https:\/\/uar.es\/index.php?rest_route=\/wp\/v2\/users\/6"}],"replies":[{"embeddable":true,"href":"https:\/\/uar.es\/index.php?rest_route=%2Fwp%2Fv2%2Fcomments&post=2584"}],"version-history":[{"count":2,"href":"https:\/\/uar.es\/index.php?rest_route=\/wp\/v2\/posts\/2584\/revisions"}],"predecessor-version":[{"id":2586,"href":"https:\/\/uar.es\/index.php?rest_route=\/wp\/v2\/posts\/2584\/revisions\/2586"}],"wp:attachment":[{"href":"https:\/\/uar.es\/index.php?rest_route=%2Fwp%2Fv2%2Fmedia&parent=2584"}],"wp:term":[{"taxonomy":"category","embeddable":true,"href":"https:\/\/uar.es\/index.php?rest_route=%2Fwp%2Fv2%2Fcategories&post=2584"},{"taxonomy":"post_tag","embeddable":true,"href":"https:\/\/uar.es\/index.php?rest_route=%2Fwp%2Fv2%2Ftags&post=2584"}],"curies":[{"name":"wp","href":"https:\/\/api.w.org\/{rel}","templated":true}]}}