{"id":2630,"date":"2019-10-08T09:44:33","date_gmt":"2019-10-08T07:44:33","guid":{"rendered":"http:\/\/uar.es\/?p=2630"},"modified":"2019-10-16T15:24:49","modified_gmt":"2019-10-16T13:24:49","slug":"primera-jornada-del-campionat-de-catalunya-de-tardor","status":"publish","type":"post","link":"https:\/\/uar.es\/?p=2630","title":{"rendered":"Primera Jornada del Campionat de Catalunya de Tardor"},"content":{"rendered":"<p style=\"text-align: justify\">Dissabte 5 d\u2019octubre es va celebrar la primera jornada del Campionat de Catalunya de Tardor a l\u2019Estadi Municipal de Can Ros\u00e9s de Rub\u00ed.<br \/>\nAquest auton\u00f2mic, organitzat per la Federaci\u00f3 Catalana d\u2019Atletisme, est\u00e0 adre\u00e7at a les categories de promoci\u00f3 i consta de quatre jornades classificat\u00f2ries, 5, 12, 26 d\u2019octubre i 9 de novembre, i la Jornada Final que es realitzar\u00e0 el 16 de novembre. Passaran a la Jornada Final els 8 atletes millor classificats de cada prova de les Jornades Classificat\u00f2ries.<\/p>\n<p style=\"text-align: justify\"><strong><span style=\"text-decoration: underline\">Pel que fa a la categoria masculina..<\/span><\/strong>.<\/p>\n<p style=\"text-align: justify\">En la prova dels 60mll hi van participar varis atletes: Axel Fernandez Rivera amb 9.3 i Juan Garcia Tobi amb 8.9 guanyen la seva s\u00e8rie i es classifiquen per la final. Ali Amraoui El Mahboubi amb una marca de 10.6 es queda fora de la final per molt poc.<\/p>\n<p style=\"text-align: justify\">Als 150mll Jordi Serra Embuena queda segon de la seva s\u00e8rie amb 20.9 i passa a la final. Ivan Garcia Roman guanya la seva s\u00e8rie amb 19.8 que li dona pas directe a la final i Adri\u00e1n Macias Fern\u00e0ndez que tamb\u00e9 corria a la seva s\u00e8rie queda 3r amb 20.7 i tamb\u00e9 passa a la final.<\/p>\n<p style=\"text-align: justify\">Als 1000 mll hi participen Adrian Rueda Claros i Andres Aguilera Escalona queden 4t i 5\u00e9 de la s\u00e8rie i passen a la final amb una marca de 4:05.4 i 4:06.1, respectivament. Mauro Serrano Loscos i David Colchon Lopez tamb\u00e9 corren a la mateixa s\u00e8rie per\u00f2 es queden fora de la final, quedant 7\u00e9 i 8\u00e9 amb una marca de 4:13.8 i 4:16.4, respectivament. Adam Daafi Habboub corre a l\u2019altra s\u00e8rie quedant 4t amb una marca 4:07.6 quedant a les portes de la final.<\/p>\n<p style=\"text-align: justify\">En la prova dels 2000 mll Ivan Molina Espina passa a la final amb una marca de 7:35, Xavi Borrella Callejas que tamb\u00e9 corria a la mateixa s\u00e8rie realitza una marca de 7:56.5 i es queda fora de a final per molt poc.<\/p>\n<p style=\"text-align: justify\">Als 3000 mll Adrian Macias Fernandez queda 2n amb una marca de 11:07.7 que li dona pas a la final.<\/p>\n<p style=\"text-align: justify\">Ivan Garcia Roman guanya l\u2019al\u00e7ada amb una marca de 1.35 que i dona pas a la jornada final.<\/p>\n<p style=\"text-align: justify\">En la prova de llargada hi participa Juan Garcia Tobi amb una marca de 4.11 i Didac Vila Zapater amb una registre de 3.39 passen a la final. Ivan Molina Espina queda 7\u00e9 de la s\u00e8rie amb una marca de 3.32<\/p>\n<p style=\"text-align: justify\">En pilota Mauro Serrano Loscos queda 6\u00e9 llen\u00e7ant l\u2019artefacte fins a 19.85 i David Colchon Lopez 8\u00e9 amb una marca de 18.17, aquests dos atletes passen a la final.\u00a0 Andres Aguilera Escalona i Arnau Ruiz Garcia queden 12\u00e9 i 13\u00e9 quedant-se fora de la final amb uns registres de 14.65 i 13.80, respectivament.<\/p>\n<p style=\"text-align: justify\">Marti Ardevol Canals participa en la prova de disc on queda 14\u00e9 amb una marca de 20.73 i en llan\u00e7ament de martell, on queda 4t amb una marca de 28.27m, que li dona pas a la final.<\/p>\n<p style=\"text-align: justify\"><strong><span style=\"text-decoration: underline\">Pel que fa a la categoria femenina&#8230;<\/span><\/strong><\/p>\n<p style=\"text-align: justify\">Als 60mll hi participen Martina Capel Gallego (8.9), Meritxell Llort Gonzalez (9.4), Abril Segovia Velasco (10.0), Mar Jimenez Moreno (9.4), Erin Martin Guerrero (9.6), Emma Dublino Tapiador (10.3) i Paula Gombau Martinez (10.9).<\/p>\n<p style=\"text-align: justify\">En la prova dels 150 mll hi participen Gemma Velazquez Carrasco i Paula Haba Martinez amb unes marques de 30.0 i 23.2 respectivament.<\/p>\n<p style=\"text-align: justify\">Als 1000 mll Noelia Valera Huachaca queda 4ta amb una marca de 4:03.3 que li dona pas a la final.<\/p>\n<p style=\"text-align: justify\">En la prova de llargada passa a la final Martina Capel Gallego amb una marca de 3.94. Es queden fora de la final Meritxell Llort Gonzalez amb 3.23, Erin Martin Guerrero amb 2.85, Abril Segovia Velasco amb 3.15, Emma Dublino Tapiador amb 3.13, Paula Gombau Martinez amb 3.00 i Mar Jimenez Moreno amb 2.90, alguna d\u2019elles amb una marca molt propera per haver pogut participar a la final.<\/p>\n<p style=\"text-align: justify\">Pel que fa al llan\u00e7ament de disc, hi va participar Gemma Velazquez Carrasco quedant 11ena amb una marca de 12.87m.<\/p>\n<p style=\"text-align: justify\">I en llan\u00e7ament de Pilota, Ana Chia Luna queda 6ena amb 16.39 i Noelia Valera Huachaca 8ena amb 14.54, aquestes dos atletes passen a la final.<\/p>\n<p style=\"text-align: justify\">Enhorabona a tots els i les atletes i donar les gr\u00e0cies a tots els voluntaris i col\u00b7laboradors que van fer possible la jornada.<\/p>\n<p style=\"text-align: justify\">Aquest dissabte 12 d\u2019octubre necessitem novament ajuda dels voluntaris, ja que realitzarem la segona jornada!!<\/p>\n<p><a href=\"http:\/\/uar.es\/wp-content\/uploads\/2019\/10\/Captura.png\"><img loading=\"lazy\" class=\"alignnone size-medium wp-image-2631 aligncenter\" src=\"http:\/\/uar.es\/wp-content\/uploads\/2019\/10\/Captura-300x199.png\" alt=\"Captura\" width=\"300\" height=\"199\" srcset=\"https:\/\/uar.es\/wp-content\/uploads\/2019\/10\/Captura-300x199.png 300w, https:\/\/uar.es\/wp-content\/uploads\/2019\/10\/Captura-500x332.png 500w, https:\/\/uar.es\/wp-content\/uploads\/2019\/10\/Captura.png 600w\" sizes=\"(max-width: 300px) 100vw, 300px\" \/><\/a><\/p>\n<p style=\"text-align: justify\">Fotografies realitzades per la UAR:\u00a0https:\/\/photos.google.com\/share\/AF1QipM6zL5d6iFpAEN79Fz5EbViOaJnbUjliOIrEWYOsJrcI-sg-VqRmd-touAi-rD_9Q?key=a0xsR010UXZncXQ0SW5OUXFpV2I4NnNTUXdiSVJB<\/p>\n","protected":false},"excerpt":{"rendered":"<p>Dissabte 5 d\u2019octubre es va celebrar la primera jornada del Campionat de Catalunya de Tardor a l\u2019Estadi Municipal de Can Ros\u00e9s de Rub\u00ed. Aquest auton\u00f2mic, organitzat per la Federaci\u00f3 Catalana d\u2019Atletisme, est\u00e0 adre\u00e7at a les categories de promoci\u00f3 i consta de quatre jornades classificat\u00f2ries, 5, 12, 26 d\u2019octubre i 9 de novembre, i la Jornada [&hellip;]<\/p>\n","protected":false},"author":9,"featured_media":0,"comment_status":"closed","ping_status":"closed","sticky":false,"template":"","format":"standard","meta":[],"categories":[2],"tags":[],"_links":{"self":[{"href":"https:\/\/uar.es\/index.php?rest_route=\/wp\/v2\/posts\/2630"}],"collection":[{"href":"https:\/\/uar.es\/index.php?rest_route=\/wp\/v2\/posts"}],"about":[{"href":"https:\/\/uar.es\/index.php?rest_route=\/wp\/v2\/types\/post"}],"author":[{"embeddable":true,"href":"https:\/\/uar.es\/index.php?rest_route=\/wp\/v2\/users\/9"}],"replies":[{"embeddable":true,"href":"https:\/\/uar.es\/index.php?rest_route=%2Fwp%2Fv2%2Fcomments&post=2630"}],"version-history":[{"count":3,"href":"https:\/\/uar.es\/index.php?rest_route=\/wp\/v2\/posts\/2630\/revisions"}],"predecessor-version":[{"id":2642,"href":"https:\/\/uar.es\/index.php?rest_route=\/wp\/v2\/posts\/2630\/revisions\/2642"}],"wp:attachment":[{"href":"https:\/\/uar.es\/index.php?rest_route=%2Fwp%2Fv2%2Fmedia&parent=2630"}],"wp:term":[{"taxonomy":"category","embeddable":true,"href":"https:\/\/uar.es\/index.php?rest_route=%2Fwp%2Fv2%2Fcategories&post=2630"},{"taxonomy":"post_tag","embeddable":true,"href":"https:\/\/uar.es\/index.php?rest_route=%2Fwp%2Fv2%2Ftags&post=2630"}],"curies":[{"name":"wp","href":"https:\/\/api.w.org\/{rel}","templated":true}]}}