{"id":2634,"date":"2019-10-16T14:43:23","date_gmt":"2019-10-16T12:43:23","guid":{"rendered":"http:\/\/uar.es\/?p=2634"},"modified":"2019-10-16T14:43:23","modified_gmt":"2019-10-16T12:43:23","slug":"segona-jornada-del-campionat-de-catalunya-de-tardor","status":"publish","type":"post","link":"https:\/\/uar.es\/?p=2634","title":{"rendered":"segona jornada del Campionat de Catalunya de Tardor"},"content":{"rendered":"<p style=\"text-align: justify\">Segon dissabte consecutiu que realitzem el Campionat de Catalunya de Tardor, aquest cop la segona jornada.<\/p>\n<p style=\"text-align: justify\">Hi va participar un gran volum dels nostres atletes:<\/p>\n<p style=\"text-align: justify\">Als 1000mll sub 16 mascul\u00ed corre Wail Afallad Miftah 3:14.1 quedant 5e de la s\u00e8rie. Al 1000mll sub14 es classifiquen per la final Adrian Macias Fernandez i Jordi Serra Embuena 2n i 3r de la s\u00e8rie amb 3:02.8 i 3:20.6, respectivament.<\/p>\n<p style=\"text-align: justify\">Als 80metres tanques sub 14 es classifiquen per la final Aketza Sumell Garcia guanyant la s\u00e8rie i Ivan Garcia Roman amb un registre de 13.8 i 16.0, respectivament.<\/p>\n<p style=\"text-align: justify\">Als 100 metres tanques sub16 femen\u00ed es classifica Ona Gombau Martinez amb una marca de 17.5.<\/p>\n<p style=\"text-align: justify\">A l\u2019al\u00e7ada sub16 es classifiquen Hugo Garcia Mazo amb un salt de 1.50m i Pol Cordero Cazorla amb 1.40m.<\/p>\n<p style=\"text-align: justify\">A la llargada sub10 mascul\u00ed es classifica Adam Daafi Habboub, que va quedar 3r amb 3.27 i Aran Valdivieso Gallego 5\u00e9 amb 3.14. En aquesta mateixa prova tamb\u00e9 hi participa Andres Aguilera Escalona que salta 2.78, Adrian Rueda Claros amb 2.47, David Colchon Lopez amb 2.42, Mauro Serrano Loscos amb 2.39 i Arnau Ruiz Garcia amb 2.21.<\/p>\n<p style=\"text-align: justify\">En la llargada sub10 femen\u00ed salten i es classifiquen Noelia Valera Huachaca i IIris Perez Galvez amb 3.14 i 2.89, respectivament. Tamb\u00e9 hi salten Nerea Cortada Martinez amb 2.76, Noa Macias Fernandez amb 2.60, Aina Ruiz Melia amb 2.59, Noa Perez Galvez i Ana Chia Luna amb la mateixa marca, 2.41.<\/p>\n<p style=\"text-align: justify\">A la llargada sub16 mascul\u00ed es classifica Hugo Garcia Mazo amb un salt de 5.14. Tamb\u00e9 salta Ramon Bordes Margarit que realitza un salt de 4.41. En la femenina es classifica Ona Gombau Martinez amb un salt de 4.16, tamb\u00e9 hi salten Claudia Luengo Aranda amb 3.71 i Ainhoa Cordero Cazorla amb 3.52.<\/p>\n<p style=\"text-align: justify\">Al llan\u00e7ament de pes sub14 mascul\u00ed es classifiquen Marti Ardevol Canals amb 9.07 \u00a0i Ivan Garcia Roman amb 8.80, van quedar amb 7ena i 8ena posici\u00f3, respectivament. Al llan\u00e7ament de pes femen\u00ed guanya la prova Estefany Ba Moreta classificant-se a la final amb 11.46, tamb\u00e9 hi llan\u00e7a Gemma Velazquez Carrasco que realitza una marca de 6.56 i Paula Haba Martinez amb 6.43.<\/p>\n<p style=\"text-align: justify\">En llan\u00e7ament de pilota sub12 mascul\u00ed llan\u00e7a Didac Vila Zapater i es classifica amb un llan\u00e7ament de 22.47. Tamb\u00e9 llan\u00e7a Xavi Borrella Callejas amb una marca de 19.75 i Ivan Molina Espina amb 17.86. Al llan\u00e7ament de pilota sub12 femen\u00ed es classifica Erin Martin Guerrero amb 21.02. Tamb\u00e9 llan\u00e7a Emma Dublino Tapiador realtzant un llan\u00e7ament de 19.83, Abril Segovia Velasco amb 16.56, Alba Sanjust Costa amb 11.90 i Paula Gombau Martinez amb 11.77.<\/p>\n<p style=\"text-align: justify\">Al llan\u00e7ament de martell sub16 femen\u00ed hi participen Lucia Velazquez Carrasco que realitza una marca de 20.75 i Laura Serrano Loscos amb una marca de 16.85.<\/p>\n<p style=\"text-align: justify\">En la marxa sub10 hi participa Emma Garcia Mazo realitzant una marca de 7:28.9.<\/p>\n<p style=\"text-align: justify\">En la marxa sub12 es classifica Maria Tejero Ortega amb una marca de 13:09.2 i Mar Jim\u00e9nez Moreno queda 16ena amb una marca de 15:12.0.<\/p>\n<p style=\"text-align: justify\">A la marca sub16 es classifica Lucia Tejero Ortega amb una marca de 17:58.8.<\/p>\n<p><a href=\"http:\/\/uar.es\/wp-content\/uploads\/2019\/10\/IMG_8057.jpg\"><img loading=\"lazy\" class=\"alignnone size-medium wp-image-2635 aligncenter\" src=\"http:\/\/uar.es\/wp-content\/uploads\/2019\/10\/IMG_8057-300x200.jpg\" alt=\"IMG_8057\" width=\"300\" height=\"200\" srcset=\"https:\/\/uar.es\/wp-content\/uploads\/2019\/10\/IMG_8057-300x200.jpg 300w, https:\/\/uar.es\/wp-content\/uploads\/2019\/10\/IMG_8057-500x333.jpg 500w, https:\/\/uar.es\/wp-content\/uploads\/2019\/10\/IMG_8057.jpg 600w\" sizes=\"(max-width: 300px) 100vw, 300px\" \/><\/a><\/p>\n<p><strong>Fotografies realitzades per la UAR:<\/strong> <a href=\"https:\/\/photos.google.com\/share\/AF1QipO4hJOBj_ugM0c5cJYaoT6EX-MkjORsioPDyV83jkInBPzmyKTv0X5XGkJIDFXvJQ?key=WEdibkd4dU1OZzRTYk5KVk15UnZXVXBFVXpaaDN3\">https:\/\/photos.google.com\/share\/AF1QipO4hJOBj_ugM0c5cJYaoT6EX-MkjORsioPDyV83jkInBPzmyKTv0X5XGkJIDFXvJQ?key=WEdibkd4dU1OZzRTYk5KVk15UnZXVXBFVXpaaDN3<\/a><\/p>\n","protected":false},"excerpt":{"rendered":"<p>Segon dissabte consecutiu que realitzem el Campionat de Catalunya de Tardor, aquest cop la segona jornada. Hi va participar un gran volum dels nostres atletes: Als 1000mll sub 16 mascul\u00ed corre Wail Afallad Miftah 3:14.1 quedant 5e de la s\u00e8rie. Al 1000mll sub14 es classifiquen per la final Adrian Macias Fernandez i Jordi Serra Embuena [&hellip;]<\/p>\n","protected":false},"author":9,"featured_media":0,"comment_status":"closed","ping_status":"closed","sticky":false,"template":"","format":"standard","meta":[],"categories":[2],"tags":[],"_links":{"self":[{"href":"https:\/\/uar.es\/index.php?rest_route=\/wp\/v2\/posts\/2634"}],"collection":[{"href":"https:\/\/uar.es\/index.php?rest_route=\/wp\/v2\/posts"}],"about":[{"href":"https:\/\/uar.es\/index.php?rest_route=\/wp\/v2\/types\/post"}],"author":[{"embeddable":true,"href":"https:\/\/uar.es\/index.php?rest_route=\/wp\/v2\/users\/9"}],"replies":[{"embeddable":true,"href":"https:\/\/uar.es\/index.php?rest_route=%2Fwp%2Fv2%2Fcomments&post=2634"}],"version-history":[{"count":1,"href":"https:\/\/uar.es\/index.php?rest_route=\/wp\/v2\/posts\/2634\/revisions"}],"predecessor-version":[{"id":2636,"href":"https:\/\/uar.es\/index.php?rest_route=\/wp\/v2\/posts\/2634\/revisions\/2636"}],"wp:attachment":[{"href":"https:\/\/uar.es\/index.php?rest_route=%2Fwp%2Fv2%2Fmedia&parent=2634"}],"wp:term":[{"taxonomy":"category","embeddable":true,"href":"https:\/\/uar.es\/index.php?rest_route=%2Fwp%2Fv2%2Fcategories&post=2634"},{"taxonomy":"post_tag","embeddable":true,"href":"https:\/\/uar.es\/index.php?rest_route=%2Fwp%2Fv2%2Ftags&post=2634"}],"curies":[{"name":"wp","href":"https:\/\/api.w.org\/{rel}","templated":true}]}}