{"id":2643,"date":"2019-10-17T14:30:51","date_gmt":"2019-10-17T12:30:51","guid":{"rendered":"http:\/\/uar.es\/?p=2643"},"modified":"2019-10-18T14:32:57","modified_gmt":"2019-10-18T12:32:57","slug":"convocada-amb-ma-fca","status":"publish","type":"post","link":"https:\/\/uar.es\/?p=2643","title":{"rendered":"Convocada amb ma FCA"},"content":{"rendered":"<p style=\"text-align: justify\"><strong>Alba Rodr\u00edguez<\/strong>\u00a0ha estat convocada pel sector de velocitat\u00a0de la Federaci\u00f3 Catalana d\u2019Atletisme. Participar\u00e0 a la concentraci\u00f3 que es realitzar\u00e0 al CAR de Sant Cugat el dissabte 19 d\u2019octubre. Esperem que gaudeixi d\u2019aquesta oportunitat i que li\u00a0puguem donar l\u2019enhorabona molts cops m\u00e9s.<\/p>\n","protected":false},"excerpt":{"rendered":"<p>Alba Rodr\u00edguez\u00a0ha estat convocada pel sector de velocitat\u00a0de la Federaci\u00f3 Catalana d\u2019Atletisme. Participar\u00e0 a la concentraci\u00f3 que es realitzar\u00e0 al CAR de Sant Cugat el dissabte 19 d\u2019octubre. Esperem que gaudeixi d\u2019aquesta oportunitat i que li\u00a0puguem donar l\u2019enhorabona molts cops m\u00e9s.<\/p>\n","protected":false},"author":9,"featured_media":0,"comment_status":"closed","ping_status":"closed","sticky":false,"template":"","format":"standard","meta":[],"categories":[2],"tags":[],"_links":{"self":[{"href":"https:\/\/uar.es\/index.php?rest_route=\/wp\/v2\/posts\/2643"}],"collection":[{"href":"https:\/\/uar.es\/index.php?rest_route=\/wp\/v2\/posts"}],"about":[{"href":"https:\/\/uar.es\/index.php?rest_route=\/wp\/v2\/types\/post"}],"author":[{"embeddable":true,"href":"https:\/\/uar.es\/index.php?rest_route=\/wp\/v2\/users\/9"}],"replies":[{"embeddable":true,"href":"https:\/\/uar.es\/index.php?rest_route=%2Fwp%2Fv2%2Fcomments&post=2643"}],"version-history":[{"count":1,"href":"https:\/\/uar.es\/index.php?rest_route=\/wp\/v2\/posts\/2643\/revisions"}],"predecessor-version":[{"id":2644,"href":"https:\/\/uar.es\/index.php?rest_route=\/wp\/v2\/posts\/2643\/revisions\/2644"}],"wp:attachment":[{"href":"https:\/\/uar.es\/index.php?rest_route=%2Fwp%2Fv2%2Fmedia&parent=2643"}],"wp:term":[{"taxonomy":"category","embeddable":true,"href":"https:\/\/uar.es\/index.php?rest_route=%2Fwp%2Fv2%2Fcategories&post=2643"},{"taxonomy":"post_tag","embeddable":true,"href":"https:\/\/uar.es\/index.php?rest_route=%2Fwp%2Fv2%2Ftags&post=2643"}],"curies":[{"name":"wp","href":"https:\/\/api.w.org\/{rel}","templated":true}]}}