{"id":2646,"date":"2019-10-22T15:41:18","date_gmt":"2019-10-22T13:41:18","guid":{"rendered":"http:\/\/uar.es\/?p=2646"},"modified":"2019-10-22T15:41:18","modified_gmt":"2019-10-22T13:41:18","slug":"cros-ciutat-de-cerdanyola","status":"publish","type":"post","link":"https:\/\/uar.es\/?p=2646","title":{"rendered":"Cros Ciutat de Cerdanyola"},"content":{"rendered":"<p style=\"text-align: justify\">El passat diumenge 20 d\u2019octubre es va iniciar la temporada catalana de cros amb la celebraci\u00f3 del 21\u00e8 Cros Ciutat de Cerdanyola, organitzat pel CE Cerdanyola Atletisme i Triatl\u00f3\u0301 i l \u0301Ajuntament de Cerdanyola del Vall\u00e8s. Amb curses en totes les categories i un circuit integrat al Parc dels Gorgs \u2013 Parc Tecnol\u00f2gic. La UAR va tenir gran participaci\u00f3, tot i que la pluja va fer que molts d\u2019ells no hi anessin.<\/p>\n<p style=\"text-align: justify\">L\u2019actual president, Fernando Vel\u00e1zquez Jim\u00e9nez, va engegar la jornada per la UAR. Va c\u00f3rrer una dist\u00e0ncia de 5237m, va quedar el 42 amb una marca de 26:06.<\/p>\n<p style=\"text-align: justify\">En la categor\u00eda Sub16 femen\u00ed van c\u00f3rrer una dist\u00e0ncia de 2601m, Anna Rovirosa Sard\u00e0 quedant 17ena amb 11:27 i Violeta Vilches Segura 38ena amb 13:04.<\/p>\n<p style=\"text-align: justify\">Els Sub16 masculins van fer una dist\u00e0ncia de 3919m, Alexandre Valls West en la posici\u00f339e 16:48 i Wail Afallad Miftah 44e amb 17:14.<\/p>\n<p style=\"text-align: justify\">Els Sub14 masculins van c\u00f3rrer una dist\u00e0ncia de 2601m. Adrian Macias Fernandez va quedar 10e amb 10:56, Jordi Serra Embuena 27e amb 11:54, correlativament des de la posici\u00f3 29 van quedar Pau Segovia Velasco, Manuel Dominguez Orfila i Ferran Soler Sancristofol amb temps de 12:08, 12:10 i 12:27, respectivament.<\/p>\n<p style=\"text-align: justify\">En la categoria Sub12, tan femenina com masculina, van c\u00f3rrer la mateixa dist\u00e0ncia 1723 metres. Pel que fa a la categoria femenina Martina Capell Gallego va quedar 12ena amb una marca de 7:58, Abril Segovia Velasco 30ena amb 9:11, Emma Dublino 33ena amb 9:14, Alba Sanjust Costa 37ena amb 9:38, Paula Gombau Martinez 29ena amb 9:50, Mar Jimenez Moreno 41ena amb 10:00 i Meritxell Llort Gonzalez 56ena amb 12:13. Pel que fa a la categoria masculina Meritxell Llort Gonzalez va quedar 14\u00e9 amb 7:26, Meritxell Llort Gonzalez 19\u00e9 amb 7:43, Xavi Borrella Callejas 28\u00e9 amb 7:54 i Pedro Takatsu Pedrero32\u00e9 amb 8:05.<\/p>\n<p style=\"text-align: justify\">Els Sub10, tan femenins com masculins, tamb\u00e9 van c\u00f3rrer la mateixa dist\u00e0ncia, concretament 1283m. Les noies van quedar de la seg\u00fcent manera: Noelia Valera Huachaca 7ena amb 6:09, Noa Macias Fernandez 10ena amb 6:21, Emma Garcia Mazo 29ena amb 7:14 i Sara Perez Iglesias 33ena amb 7:21. Per la seva part, els nois van fer el seg\u00fcent: David Colch\u00f3n Lopez 19\u00e9 amb 6:00, Adrian Rueda Claros 33\u00e9 amb 6:16, Arnau Ruiz Garcia 47\u00e9 amb 6:47 i Pau Viaplana Rodellar 63\u00e9 amb 7:29.<\/p>\n<p style=\"text-align: justify\">Els sub8, tant femenina com masculins tamb\u00e9 van c\u00f3rrer la mateixa dist\u00e0ncia 763 metres. La UAR \u00fanicament va tenir participaci\u00f3 femenina per part de la Jana Caparr\u00f3s que va quedar 11ena amb 4:08 i Lucia Mangas 30ena amb 5:55.<\/p>\n<p><a href=\"http:\/\/uar.es\/wp-content\/uploads\/2019\/10\/IMG_2101.jpg\"><img loading=\"lazy\" class=\"alignnone size-medium wp-image-2647 aligncenter\" src=\"http:\/\/uar.es\/wp-content\/uploads\/2019\/10\/IMG_2101-194x300.jpg\" alt=\"IMG_2101\" width=\"194\" height=\"300\" srcset=\"https:\/\/uar.es\/wp-content\/uploads\/2019\/10\/IMG_2101-194x300.jpg 194w, https:\/\/uar.es\/wp-content\/uploads\/2019\/10\/IMG_2101.jpg 387w\" sizes=\"(max-width: 194px) 100vw, 194px\" \/><\/a><\/p>\n<p style=\"text-align: justify\">Us deixem el link de les fotografies realitzades per Miquel Merino: <a href=\"https:\/\/www.flickr.com\/photos\/140386006@N02\/albums\/72157711435843833\">https:\/\/www.flickr.com\/photos\/140386006@N02\/albums\/72157711435843833<\/a><\/p>\n","protected":false},"excerpt":{"rendered":"<p>El passat diumenge 20 d\u2019octubre es va iniciar la temporada catalana de cros amb la celebraci\u00f3 del 21\u00e8 Cros Ciutat de Cerdanyola, organitzat pel CE Cerdanyola Atletisme i Triatl\u00f3\u0301 i l \u0301Ajuntament de Cerdanyola del Vall\u00e8s. Amb curses en totes les categories i un circuit integrat al Parc dels Gorgs \u2013 Parc Tecnol\u00f2gic. La UAR [&hellip;]<\/p>\n","protected":false},"author":9,"featured_media":0,"comment_status":"closed","ping_status":"closed","sticky":false,"template":"","format":"standard","meta":[],"categories":[2],"tags":[],"_links":{"self":[{"href":"https:\/\/uar.es\/index.php?rest_route=\/wp\/v2\/posts\/2646"}],"collection":[{"href":"https:\/\/uar.es\/index.php?rest_route=\/wp\/v2\/posts"}],"about":[{"href":"https:\/\/uar.es\/index.php?rest_route=\/wp\/v2\/types\/post"}],"author":[{"embeddable":true,"href":"https:\/\/uar.es\/index.php?rest_route=\/wp\/v2\/users\/9"}],"replies":[{"embeddable":true,"href":"https:\/\/uar.es\/index.php?rest_route=%2Fwp%2Fv2%2Fcomments&post=2646"}],"version-history":[{"count":1,"href":"https:\/\/uar.es\/index.php?rest_route=\/wp\/v2\/posts\/2646\/revisions"}],"predecessor-version":[{"id":2648,"href":"https:\/\/uar.es\/index.php?rest_route=\/wp\/v2\/posts\/2646\/revisions\/2648"}],"wp:attachment":[{"href":"https:\/\/uar.es\/index.php?rest_route=%2Fwp%2Fv2%2Fmedia&parent=2646"}],"wp:term":[{"taxonomy":"category","embeddable":true,"href":"https:\/\/uar.es\/index.php?rest_route=%2Fwp%2Fv2%2Fcategories&post=2646"},{"taxonomy":"post_tag","embeddable":true,"href":"https:\/\/uar.es\/index.php?rest_route=%2Fwp%2Fv2%2Ftags&post=2646"}],"curies":[{"name":"wp","href":"https:\/\/api.w.org\/{rel}","templated":true}]}}