{"id":2741,"date":"2020-01-28T23:30:58","date_gmt":"2020-01-28T21:30:58","guid":{"rendered":"https:\/\/uar.es\/?p=2741"},"modified":"2020-01-28T23:34:55","modified_gmt":"2020-01-28T21:34:55","slug":"un-altre-cap-de-setmana-amb-exits","status":"publish","type":"post","link":"https:\/\/uar.es\/?p=2741","title":{"rendered":"Un altre cap de setmana amb \u00e8xits"},"content":{"rendered":"\n<ul><li><strong>4a jornada del Trofeu promoci\u00f3 Sabadell a pista coberta.<\/strong><\/li><\/ul>\n\n\n\n<p>Cal destacar els\natletes de la categoria:<\/p>\n\n\n\n<p><strong>SUB 12<\/strong><\/p>\n\n\n\n<p><strong>Als 60 metres llisos<\/strong> <strong>mascul\u00ed,<\/strong>&nbsp; en la tercera s\u00e8rie Aran Valdivieso va quedar\n4t amb 9.81, en la quarta s\u00e8rie Adrian Rueda, va quedar 7\u00e9 amb 10.90, en la\ncinquena s\u00e8rie David Colch\u00f3n va quedar 3r amb 9.81. En la setena s\u00e8rie D\u00eddac\nVila, va quedar 2n amb 9.75 i Adam Daafi va quedar 5\u00e9 amb 10.06. <strong>Als Femenins<\/strong>, en la primera s\u00e8rie Alba\nSant Just, va quedar 1r amb 9.71,&nbsp; en la\ncinquena s\u00e8rie Iris P\u00e9rez va quedar 5a amb 10.01, en la sisena s\u00e8rie Mar\nJim\u00e9nez va quedar 1a amb 9.50 i Ana Chia va quedar 5a amb 10.72, en la setena\ns\u00e8rie Noelia Valera va quedar 1a amb 9.55 i en la vuitena s\u00e8rie Lidia Mart\u00ednez\nva quedar 1r amb 9.78 i Noa P\u00e9rez va quedar 4a amb 10.70.<\/p>\n\n\n\n<p><strong>Als 60 metres tanques mascul\u00ed<\/strong>, en la segona s\u00e8rie, David Colch\u00f3n va quedar 8\u00e9 amb 12.48, en la tercera s\u00e8rie Adri\u00e1n Rueda va quedar 7\u00e9 amb 12.96 i en la quarta s\u00e8rie, Xavi Borrella, va quedar 3r amb 11.31. <strong>Als femenins,<\/strong> en la primera s\u00e8rie, Noa Macias va quedar 4a amb 12.47, en la quarta s\u00e8rie Ana Chia va quedar 4a amb 12.71 a la cinquena s\u00e8rie Mar Jim\u00e9nez va quedar 2a amb 11.44, a la sisena s\u00e8rie Iris, P\u00e9rez va quedar 7a amb 13.27, a la setena s\u00e8rie, Paula Gombau va quedar 6a amb 13.25&nbsp; a la vuitena s\u00e8rie, Emma Dublino va quedar 4a amb 12.29.<\/p>\n\n\n\n<p>Al <strong>llan\u00e7ament de pes mascul\u00ed<\/strong>, D\u00eddac Vila\nva quedar en primera posici\u00f3 amb 7.85 metres. <strong>Als femenins,<\/strong> Abril Segovia va quedar 2a amb 5.55, Emma Dublino, va\nquedar&nbsp; 7a amb 4.79, Paula Gombau va\nquedar 8a amb 4.78, Alba Sant Just va quedar 11a amb 4.34 i Noa P\u00e9rez va quedar\n14a amb 3.58. <\/p>\n\n\n\n<p><strong>En Salt d\u2019al\u00e7ada mascul\u00ed<\/strong>, Ivan\nMolina va quedar 8\u00e9 amb 1.15 metres. <strong>Als\nfemenins<\/strong>, Noelia Valera va quedar 10a amb un salt d\u20191.05 metres. <\/p>\n\n\n\n<p><strong>En els relleus 4&#215;200 mascul\u00ed<\/strong>, l\u2019equip A format per Francisco Aguilera, Xavi Borrella, Ivan Molina i Pedro Takatsu va quedar 2n amb 2:13.64. El grup B format per Adam Daafi, David Colchon, Aran Valdivieso i D\u00eddac Vila van quedar 3r amb 2:19.49. <strong>Al femen\u00ed, <\/strong>l\u2019equip A format per Emma Dublino, Mar Jim\u00e9nez, Iris P\u00e9rez i Abril Segovia v quedar 4rt amb 2:24.19 i l\u2019equip B format per Paula Gombau, L\u00eddia Mart\u00ednez, Noa P\u00e9rez i Alba Sanjust va quedar 4rt amb 2:27.69<\/p>\n\n\n\n<p>A la categoria <strong>sub 14<\/strong><\/p>\n\n\n\n<p><strong>En els 60 metres llisos mascul\u00ed,<\/strong>\nen la segona s\u00e8rie, Ivan Garcia va quedar 1r amb 8.42, en la tercera s\u00e8rie Juan\nGarcia va quedar 4t amb 9.39 i en la quarta s\u00e8rie Manuel Dom\u00ednguez va quedar 1r\namb 8.58. <strong>Als femen\u00ed<\/strong> en la primera s\u00e8rie\nMartina Capel va quedar 4a amb 9.37 i Edurne P\u00e9rez 8a amb 10.25.<\/p>\n\n\n\n<p>A<strong>ls 1.000 metres llisos mascul\u00ed<\/strong> Jordi Serra va quedar 3r amb 3:17.38\ni <strong>als femenin<\/strong>s, Martina Capel va\nquedar 10a amb 3:40.30<\/p>\n\n\n\n<p><strong>Al triple salt mascul\u00ed,<\/strong> Juan\nGarcia va quedar 15\u00e9 amb un salt de 8.58 metres<\/p>\n\n\n\n<ul><li><strong>En el control de llan\u00e7aments d\u2019hivern que es va celebrar a Sabadell<\/strong> cal destacar l\u2019actuaci\u00f3 de Juan Antonio Segarra que va quedar 3r en llan\u00e7ament de disc amb 30.73, 1r en javelina amb 40.75, 2n en martell amb 35.40 i 2n en martell pesat amb 11.87.<\/li><\/ul>\n\n\n\n<figure class=\"wp-container-2 wp-block-gallery-1 wp-block-gallery columns-1 is-cropped\"><ul class=\"blocks-gallery-grid\"><li class=\"blocks-gallery-item\"><figure><img loading=\"lazy\" width=\"450\" height=\"600\" src=\"https:\/\/uar.es\/wp-content\/uploads\/2020\/01\/WhatsApp-Image-2020-01-27-at-15.27.30-2.jpeg\" alt=\"\" data-id=\"2745\" data-full-url=\"https:\/\/uar.es\/wp-content\/uploads\/2020\/01\/WhatsApp-Image-2020-01-27-at-15.27.30-2.jpeg\" data-link=\"https:\/\/uar.es\/?attachment_id=2745\" class=\"wp-image-2745\" srcset=\"https:\/\/uar.es\/wp-content\/uploads\/2020\/01\/WhatsApp-Image-2020-01-27-at-15.27.30-2.jpeg 450w, https:\/\/uar.es\/wp-content\/uploads\/2020\/01\/WhatsApp-Image-2020-01-27-at-15.27.30-2-225x300.jpeg 225w\" sizes=\"(max-width: 450px) 100vw, 450px\" \/><\/figure><\/li><\/ul><\/figure>\n\n\n\n<ul><li><strong>El diumenge 26 de gener la categoria sub16 va participar en la 4a jornada de Pista Coberta Sabadell. Cal<\/strong> destacar els atletes en :<\/li><\/ul>\n\n\n\n<p>Als <strong>60 metres llisos mascul\u00ed<\/strong>, en la segona s\u00e8rie, Marc L\u00f3pez va quedar 3r amb 7.74 i Hugo Garcia, va quedar 6\u00e9 amb 7.89,en la quarta s\u00e8rie Ferran Soler, va quedar 5\u00e9 amb 7.99, en la novena s\u00e8rie Ram\u00f3n Bordes, va quedar 5\u00e9 amb 8.79, en la tretzena s\u00e8rie Sergi Blanes, va quedar \u00a06\u00e9 amb 9.85<\/p>\n\n\n\n<p><strong>Als 300 metres llisos mascul\u00ed<\/strong>, en la segona s\u00e8rie Hugo Garc\u00eda va quedar 5\u00e9 amb una marca 40.54, en\nla vuitena s\u00e8rie Sergi Blanes va quedar 6\u00e9 amb 50.81 i en la tretzena s\u00e8rie\nAdri\u00e1n Macias va quedar 2n amb 44.67.&nbsp; <strong>Al femen\u00ed<\/strong>, en la tercera s\u00e8rie, Violeta\nVilches va quedar 2n amb 45.15, en la setena s\u00e8rie Ona Gombau va quedar 3r amb\n46.49, en la setzena s\u00e8rie Ainhoa Cordero va quedar 3r amb 50.86, en la\ndinovena s\u00e8rie Claudia Luengo va quedar 5a amb 54.05 i en la vint-i-unena s\u00e8rie\nLuc\u00eda Vel\u00e1zquez va quedar 5a amb 56.02. <\/p>\n\n\n\n<p><strong>Als 600 mestres mascul\u00ed<\/strong>, en la primera s\u00e8rie Marc Lopez va quedar 1r amb un temps de 1:29.20 aconseguint aix\u00ed m\u00ednima pel campionat d\u2019Espanya de pista coberta que es celebraran el pr\u00f2xims dies 21 i 22 de mar\u00e7 a Madrid. I en la tercera s\u00e8rie, Pau Segovia va quedar 5\u00e9 amb 1:54.20.<\/p>\n\n\n\n<p><strong>Als 1.000 metres mascul\u00ed<\/strong>&nbsp; en la segona s\u00e8rie, Adri\u00e1n\nMacias va que 3r amb un temps de 2:59.97. <\/p>\n\n\n\n<p><strong>Al salt d\u2019al\u00e7ada mascul\u00ed<\/strong> Aketza Sumell va quedar primer amb un salt de 1.77 metres.<\/p>\n\n\n\n<p><strong>Als 60 metres tanques femen\u00ed<\/strong> en la segona s\u00e8rie Violeta Vilches va quedar 4a amb 10.29.<\/p>\n\n\n\n<p><strong>Al triple salt mascul\u00ed,<\/strong> Pol Cordero va quedar 5\u00e9 amb un salt de 11.96 metres<strong>,<\/strong> <strong>&nbsp;al femen\u00ed, <\/strong>Violeta Vilches va quedar 3 amb\n9.93 i Ona Gombau 5a amb un salt de&nbsp; 9.74\nmetres.<\/p>\n\n\n\n<p><strong>Al llan\u00e7ament de Pes femen\u00ed<\/strong>, Stefany Ba, va quedar 1r amb un llan\u00e7ament de 10,64metres.<\/p>\n\n\n\n<ul><li><strong>3r jornada del crit\u00e8rium del llan\u00e7aments d\u2019hivern<\/strong> a Sarrahima, Hugo Garcia, va fer llan\u00e7ament de disc amb una marca de 38.66 metres. \u00c9s la tercera vegada consecutiva que Hugo Garc\u00eda millora la seva marca personal.<\/li><\/ul>\n\n\n\n<ul><li><strong>Al 5\u00e9 Gran\u00a0 premi de Marxa al Vendrell,<\/strong> el nostre atleta veter\u00e0 Ignasi Melo, va quedar 1r amb\u00a0 un temps de 26:07. Luc\u00eda Tejero va quedar 10a en els 10km marxa amb un temps de 1:03:00.\u00a0 i Maria Tejero va quedar 9a amb 19:10. <\/li><\/ul>\n\n\n\n<figure class=\"wp-container-4 wp-block-gallery-3 wp-block-gallery columns-1 is-cropped\"><ul class=\"blocks-gallery-grid\"><li class=\"blocks-gallery-item\"><figure><img loading=\"lazy\" width=\"409\" height=\"600\" src=\"https:\/\/uar.es\/wp-content\/uploads\/2020\/01\/WhatsApp-Image-2020-01-27-at-15.27.30.jpeg\" alt=\"\" data-id=\"2743\" data-full-url=\"https:\/\/uar.es\/wp-content\/uploads\/2020\/01\/WhatsApp-Image-2020-01-27-at-15.27.30.jpeg\" data-link=\"https:\/\/uar.es\/?attachment_id=2743\" class=\"wp-image-2743\" srcset=\"https:\/\/uar.es\/wp-content\/uploads\/2020\/01\/WhatsApp-Image-2020-01-27-at-15.27.30.jpeg 409w, https:\/\/uar.es\/wp-content\/uploads\/2020\/01\/WhatsApp-Image-2020-01-27-at-15.27.30-205x300.jpeg 205w\" sizes=\"(max-width: 409px) 100vw, 409px\" \/><\/figure><\/li><\/ul><\/figure>\n\n\n\n<figure class=\"wp-container-6 wp-block-gallery-5 wp-block-gallery columns-0 is-cropped\"><ul class=\"blocks-gallery-grid\"><\/ul><\/figure>\n\n\n\n<p><\/p>\n","protected":false},"excerpt":{"rendered":"<p>4a jornada del Trofeu promoci\u00f3 Sabadell a pista coberta. Cal destacar els atletes de la categoria: SUB 12 Als 60 metres llisos mascul\u00ed,&nbsp; en la tercera s\u00e8rie Aran Valdivieso va quedar 4t amb 9.81, en la quarta s\u00e8rie Adrian Rueda, va quedar 7\u00e9 amb 10.90, en la cinquena s\u00e8rie David Colch\u00f3n va quedar 3r amb [&hellip;]<\/p>\n","protected":false},"author":10,"featured_media":0,"comment_status":"closed","ping_status":"closed","sticky":false,"template":"","format":"standard","meta":[],"categories":[2],"tags":[],"_links":{"self":[{"href":"https:\/\/uar.es\/index.php?rest_route=\/wp\/v2\/posts\/2741"}],"collection":[{"href":"https:\/\/uar.es\/index.php?rest_route=\/wp\/v2\/posts"}],"about":[{"href":"https:\/\/uar.es\/index.php?rest_route=\/wp\/v2\/types\/post"}],"author":[{"embeddable":true,"href":"https:\/\/uar.es\/index.php?rest_route=\/wp\/v2\/users\/10"}],"replies":[{"embeddable":true,"href":"https:\/\/uar.es\/index.php?rest_route=%2Fwp%2Fv2%2Fcomments&post=2741"}],"version-history":[{"count":5,"href":"https:\/\/uar.es\/index.php?rest_route=\/wp\/v2\/posts\/2741\/revisions"}],"predecessor-version":[{"id":2749,"href":"https:\/\/uar.es\/index.php?rest_route=\/wp\/v2\/posts\/2741\/revisions\/2749"}],"wp:attachment":[{"href":"https:\/\/uar.es\/index.php?rest_route=%2Fwp%2Fv2%2Fmedia&parent=2741"}],"wp:term":[{"taxonomy":"category","embeddable":true,"href":"https:\/\/uar.es\/index.php?rest_route=%2Fwp%2Fv2%2Fcategories&post=2741"},{"taxonomy":"post_tag","embeddable":true,"href":"https:\/\/uar.es\/index.php?rest_route=%2Fwp%2Fv2%2Ftags&post=2741"}],"curies":[{"name":"wp","href":"https:\/\/api.w.org\/{rel}","templated":true}]}}