{"id":2752,"date":"2020-02-03T23:28:27","date_gmt":"2020-02-03T21:28:27","guid":{"rendered":"https:\/\/uar.es\/?p=2752"},"modified":"2020-02-04T00:27:40","modified_gmt":"2020-02-03T22:27:40","slug":"la-uar-continua-amb-bons-resultats","status":"publish","type":"post","link":"https:\/\/uar.es\/?p=2752","title":{"rendered":"La UAR continua amb bons resultats"},"content":{"rendered":"\n<ul><li><strong>Dissabte 1 de febrer al mat\u00ed<\/strong> es va organitzar la<strong> 2a jornada de control d\u2019aire lliure a Santa Coloma de Gramenet.<\/strong><\/li><\/ul>\n\n\n\n<p><strong>Categoria sub 12<\/strong><\/p>\n\n\n\n<p><strong>Als 600 metres llisos mascul\u00ed<\/strong>, en la tercera s\u00e8rie, David Colch\u00f3n, va quedar 5\u00e9 amb 2:15.9. <strong>Al femen\u00ed,<\/strong> en la primera s\u00e8rie, Emma Dublino, va quedar 13a amb&nbsp; 2:15.1, en la&nbsp; quarta s\u00e8rie, Anna Chia, va quedar 10a amb 2:24.6.&nbsp; <\/p>\n\n\n\n<p><strong>Al llan\u00e7ament de pes mascul\u00ed,<\/strong> Didac Vila, va quedar 1r amb&nbsp; 8.32 i David Colch\u00f3n va quedar 19\u00e9 amb 4.50.&nbsp; <strong>Al femen\u00ed<\/strong>, Emma Dublino va quedar 9a&nbsp; amb 4.92. <\/p>\n\n\n\n<p><strong>Categoria sub14 <\/strong><\/p>\n\n\n\n<p><strong>Als 150 metres llisos mascul\u00ed<\/strong>, en la primera s\u00e8rie, Ivan Garcia, va quedar 1r amb 19.50, en la desena s\u00e8rie, Jordi Serra, va quedar 1r amb 21.40, en la onzena s\u00e8rie, Manuel Dom\u00ednguez, va quedar 1r amb 21.40.&nbsp; <strong>Al femen\u00ed<\/strong>, en la dotzena s\u00e8rie, Martina Capel, va quedar 2a&nbsp; amb 22.80, en la tretzena s\u00e8rie, Meritxell Llort, va quedar 3a amb 23.40.&nbsp; <\/p>\n\n\n\n<p><strong>Als 600 metres llisos mascul\u00ed<\/strong>, en la&nbsp; primera s\u00e8rie, Jordi Serra, va quedar 5\u00e9 amb&nbsp; 1:48.2. <strong>Al femen\u00ed<\/strong>, en la primera s\u00e8rie, Meritxell Llort va quedar 12a amb 2:04.4.&nbsp; <\/p>\n\n\n\n<div class=\"wp-container-1 wp-block-group\"><div class=\"wp-block-group__inner-container\">\n<div class=\"wp-block-image\"><figure class=\"aligncenter size-large is-resized\"><img loading=\"lazy\" src=\"https:\/\/uar.es\/wp-content\/uploads\/2020\/02\/WhatsApp-Image-2020-02-01-at-11.02.08.jpeg\" alt=\"\" class=\"wp-image-2758\" width=\"317\" height=\"239\" srcset=\"https:\/\/uar.es\/wp-content\/uploads\/2020\/02\/WhatsApp-Image-2020-02-01-at-11.02.08.jpeg 600w, https:\/\/uar.es\/wp-content\/uploads\/2020\/02\/WhatsApp-Image-2020-02-01-at-11.02.08-300x227.jpeg 300w, https:\/\/uar.es\/wp-content\/uploads\/2020\/02\/WhatsApp-Image-2020-02-01-at-11.02.08-500x378.jpeg 500w\" sizes=\"(max-width: 317px) 100vw, 317px\" \/><\/figure><\/div>\n<\/div><\/div>\n\n\n\n<div class=\"wp-container-2 wp-block-group\"><div class=\"wp-block-group__inner-container\">\n<div class=\"wp-block-image is-style-default\"><figure class=\"aligncenter size-large is-resized\"><img loading=\"lazy\" src=\"https:\/\/uar.es\/wp-content\/uploads\/2020\/02\/WhatsApp-Image-2020-02-01-at-11.02.41-1.jpeg\" alt=\"\" class=\"wp-image-2759\" width=\"188\" height=\"306\" srcset=\"https:\/\/uar.es\/wp-content\/uploads\/2020\/02\/WhatsApp-Image-2020-02-01-at-11.02.41-1.jpeg 369w, https:\/\/uar.es\/wp-content\/uploads\/2020\/02\/WhatsApp-Image-2020-02-01-at-11.02.41-1-185x300.jpeg 185w\" sizes=\"(max-width: 188px) 100vw, 188px\" \/><\/figure><\/div>\n<\/div><\/div>\n\n\n\n<p><strong>Salt d\u2019al\u00e7ada mascul\u00ed<\/strong>, Ivan Garc\u00eda, va quedar 1r &nbsp;amb 1.52 va millorar la seva marca personal i Jordi Serra va quedar 6\u00e9 amb un salt 1.35 metres. <strong>Al femen\u00ed,<\/strong> Martina Capel, va quedar 5a amb 1.25.&nbsp; <\/p>\n\n\n\n<div class=\"wp-container-5 wp-block-group\"><div class=\"wp-block-group__inner-container\">\n<figure class=\"wp-container-4 wp-block-gallery-3 wp-block-gallery columns-1 is-cropped\"><ul class=\"blocks-gallery-grid\"><li class=\"blocks-gallery-item\"><figure><img loading=\"lazy\" width=\"450\" height=\"600\" src=\"https:\/\/uar.es\/wp-content\/uploads\/2020\/02\/WhatsApp-Image-2020-02-01-at-12.43.32.jpeg\" alt=\"\" data-id=\"2760\" data-full-url=\"https:\/\/uar.es\/wp-content\/uploads\/2020\/02\/WhatsApp-Image-2020-02-01-at-12.43.32.jpeg\" data-link=\"https:\/\/uar.es\/blog\/2020\/02\/03\/la-uar-continua-amb-bons-resultats\/whatsapp-image-2020-02-01-at-12-43-32\/\" class=\"wp-image-2760\" srcset=\"https:\/\/uar.es\/wp-content\/uploads\/2020\/02\/WhatsApp-Image-2020-02-01-at-12.43.32.jpeg 450w, https:\/\/uar.es\/wp-content\/uploads\/2020\/02\/WhatsApp-Image-2020-02-01-at-12.43.32-225x300.jpeg 225w\" sizes=\"(max-width: 450px) 100vw, 450px\" \/><\/figure><\/li><\/ul><\/figure>\n<\/div><\/div>\n\n\n\n<ul><li>A la tarda el m\u00e9s grans van participar a la <strong>4a jornada de control sub18-20 a la pista coberta de Sabadell..<\/strong><\/li><\/ul>\n\n\n\n<p><strong>Als 60 metres llisos mascul\u00ed<\/strong>, en la primera s\u00e8rie, David Jim\u00e9nez, va quedar 6\u00e9 amb 7.31, en la sisena s\u00e8rie, Marc Malav\u00e9, va quedar 3r amb 7.68, en la desena s\u00e8rie, Wail Afallad, va quedar 4t amb 8.25 i en la onzena s\u00e8rie, Oriol Ard\u00e9vol va quedar 8\u00e9 amb 8.71.<\/p>\n\n\n\n<p><strong>Als 400 metres llisos mascul\u00ed,<\/strong> en la sisena s\u00e8rie, Wail Afallad, va quedar 6\u00e1 amb 59.41 en la desena s\u00e8rie, Marc Malav\u00e9, va quedar 1r amb 56.44.<\/p>\n\n\n\n<p><strong>Als 60 metres tanques mascul\u00ed,<\/strong> en la quarta s\u00e8rie, Marc Malav\u00e9, va quedar 4t amb 9.44.<\/p>\n\n\n\n<p><strong>Al triple salt mascul\u00ed,<\/strong> Oriol Ard\u00e9vol, va quedar&nbsp; 15\u00e9 amb 10.53<\/p>\n\n\n\n<p><strong>Al llan\u00e7ament de pes<\/strong>, Hugo Garc\u00eda va quedar 5\u00e9 amb 12.34 mestres.<\/p>\n\n\n\n<ul><li>Diumenge 2 de febrer al mat\u00ed la UAR tamb\u00e9 va participar a la <strong>5a jornada de trofeu promoci\u00f3 a pista Coberta de Sabadell.&nbsp; <\/strong><\/li><\/ul>\n\n\n\n<p><strong>Categoria sub 10<\/strong><\/p>\n\n\n\n<p><strong>Als 400 metres llisos mascul\u00ed<\/strong>, en la primera s\u00e8rie, Nil F\u00e9lez, va quedar 10\u00e9 amb 1:33.05, en la segona s\u00e8rie, Andr\u00e9s Aguilera, va quedar 1r amb 1:23.09, en la tercera s\u00e8rie, Oriol Navarro, va quedar 3r amb 1:21.91<\/p>\n\n\n\n<p><strong>Al salt de llargada mascul\u00ed<\/strong>, Oriol Navarro, va quedar 11\u00e9 amb 3.00, Andr\u00e9s Aguilera, va quedar, 14\u00e9 amb 2.93, Mauro Serrano va quedar 20\u00e9 amb 2.93 i Nil F\u00e9lez va quedar 21\u00e9 amb 2.66.<\/p>\n\n\n\n<p><strong>Als relleus 4&#215;200 mestres llisos mascul\u00ed<\/strong>, l\u2019esquip de la Uar va participar en la tercera s\u00e8rie i va quedar 2n amb un temps de 2:40.88. L\u2019equip estava format per: Andr\u00e9s Aguilera, Nil F\u00e9lez, Oriol Navarro i Mauro Serrano.<\/p>\n\n\n\n<p><strong>Categoria sub12<\/strong><\/p>\n\n\n\n<p><strong>Als 600 mestres llisos mascul\u00ed,<\/strong> en la primera s\u00e8rie, Ivan Molina, va quedar 1r amb 1:58.06 i Luca Rivera, va quedar 4t amb 2:04.85, en la tercera s\u00e8rie, Adam Daafi, va quedar 6\u00e9 amb 2:16.71, en la quarta s\u00e8rie, David Colch\u00f3n, va quedar 5\u00e9&nbsp; amb 2:19.05 i &nbsp;en la cinquena s\u00e8rie, Xavi Borrella, va quedar 2n amb 2:04.10. <strong>Al femen\u00ed,<\/strong> en la tercera s\u00e8rie, Emma Dublino, va quedar 7a amb 2:14.02, en la quarta s\u00e8rie, Noa Macias, va quedar 5a amb 2:17.77 i Mar Jim\u00e9nez, va quedar 8a amb 2:20.04 en la cinquena s\u00e8rie, Alba Sanjust, va quedar 4a amb 2:22.27.<\/p>\n\n\n\n<p><strong>Al salt de llargada mascul\u00ed<\/strong>, Ivan Molina, va quedar 2n amb 3.68, Xavi Borrella, va quedar 11\u00e9 amb 3.35, Pedro Takatsu, va quedar 22\u00e9&nbsp; amb 3.16, Didac Vila, va quedar 32\u00e9 amb 3.03, Luca Rivera va quedar 42\u00e9 amb 2.93 i David Colch\u00f3n, va quedar 44\u00e9 amb 2.88 metres. <strong>Al femen\u00ed,<\/strong> Alba Sanjust, va quedar 12a amb 3.08, Emma Dublino, va quedar 17a amb 2.93, Paula Gombau, va quedar 18a amb 2.93, Noa Macias, va quedar 24a amb2.82, Ana Chia, va quedar 30a amb 2.74, &nbsp;Iris P\u00e9rez, va quedar 36a amb 2.65 i Mar Jim\u00e9nes, va quedar 39a amb 2.62.<\/p>\n\n\n\n<p><strong>Al llan\u00e7ament de pes mascul\u00ed,<\/strong> Didac Vila va quedar 1r amb un llan\u00e7ament de 8.56 metres i <strong>al femen\u00ed<\/strong>,\u00a0 Abril Segovia, va quedar 4a amb 5.60, Paula Gombau, va quedar 7a amb 5.49, Iris P\u00e9rez, va quedar 22a amb 3.37 i Noa P\u00e9rez va quedar 23a amb 2.83.<\/p>\n\n\n\n<p><strong>Als relleus 4&#215;200 mascul\u00ed<\/strong> l\u2019equip format per: Francisco Aguilera, Xavi Borrella, Ivan Molina i Pedro Takatsu va c\u00f3rrer en la primera s\u00e8rie i va quedar 4t amb un temps de 2:13.21 i l\u2019equip format per: David Colch\u00f3n, Adam Adaafi, Didac Vila i Lica Rivera, va c\u00f3rrer en la tercera s\u00e8rie i va quedar 3r amb un temps de 2:22.76. <strong>Al femen\u00ed<\/strong>, l\u2019equip format per: Mar Jim\u00e9nez, Alba Sanjust,&nbsp; Abril Segovia i Noelia Valera, va c\u00f3rrer en la primera s\u00e8rie i van quedar 1r amb un temps de 2:13.44 i&nbsp; l\u2019equip format per: Anna Chia, Emma Dublino, Paula Gombau i Iris P\u00e9rez, va c\u00f3rrer en la segona s\u00e8rie i va quedar 5\u00e9 amb un temps de 2:14.94<\/p>\n\n\n\n<p><strong>Categoria sub 14<\/strong><\/p>\n\n\n\n<p><strong>Als 600 metres llisos femen\u00ed<\/strong>, en la cinquena s\u00e8rie, Erika Garc\u00eda, va quedar 11a amb 2:13.68, en la sisena s\u00e8rie, Martina Capel, va quedar 1r amb 1:58.70 i Meritxell Llort, va quedar 3r amb 2:00.15.<\/p>\n\n\n\n<p><strong>Als relleus 4&#215;200 metres llisos femen\u00ed,<\/strong> l\u2019equip format per: Martina Capel, Erika Garc\u00eda, Meritxell Llort i Edurne P\u00e9rez, va c\u00f3rrer en la cinquena s\u00e8rie i va quedar 2n amb un temps de 2:14.94.<\/p>\n\n\n\n<ul><li>Diumenge al mat\u00ed, tamb\u00e9 es va celebrar la <strong>4a jornada del crit\u00e8rium de llan\u00e7aments d\u2019hivern a l\u2019estadi de Serrahima. <\/strong><\/li><\/ul>\n\n\n\n<p>En la categoria sub18 Hugo Garc\u00eda ha tornat a millorar la seva marca personal en disc amb un llan\u00e7ament de 41.45 metres.<\/p>\n\n\n\n<ul><li><strong>Campionat de Catalunya de promoci\u00f3<\/strong> individual i de clubs, que es va celebrar a Badalona.<\/li><\/ul>\n\n\n\n<p>Luc\u00eda Tejero va quedar 8a amb un temps de 1:03:57 als 10km marxa.<\/p>\n\n\n\n<ul><li>Diumenge a la tarda, va tenir lloc, &nbsp;<strong>la &nbsp;7a jornada de control absolut a pista coberta de Sabadell.<\/strong><\/li><\/ul>\n\n\n\n<p><strong>Als 3.000 metres llisos mascul\u00ed<\/strong>, va participar Adrian Macias que va quedar 7\u00e8 de la seva s\u00e8rie amb un temps de 10:19.36, Francisco Arag\u00f3n, que va quedar 9\u00e9 amb 10:33.01 i Wail Afallad que va quedar 14\u00e9 amb un temps de 10:52.16<\/p>\n","protected":false},"excerpt":{"rendered":"<p>Dissabte 1 de febrer al mat\u00ed es va organitzar la 2a jornada de control d\u2019aire lliure a Santa Coloma de Gramenet. Categoria sub 12 Als 600 metres llisos mascul\u00ed, en la tercera s\u00e8rie, David Colch\u00f3n, va quedar 5\u00e9 amb 2:15.9. Al femen\u00ed, en la primera s\u00e8rie, Emma Dublino, va quedar 13a amb&nbsp; 2:15.1, en la&nbsp; [&hellip;]<\/p>\n","protected":false},"author":10,"featured_media":0,"comment_status":"closed","ping_status":"closed","sticky":false,"template":"","format":"standard","meta":[],"categories":[2],"tags":[],"_links":{"self":[{"href":"https:\/\/uar.es\/index.php?rest_route=\/wp\/v2\/posts\/2752"}],"collection":[{"href":"https:\/\/uar.es\/index.php?rest_route=\/wp\/v2\/posts"}],"about":[{"href":"https:\/\/uar.es\/index.php?rest_route=\/wp\/v2\/types\/post"}],"author":[{"embeddable":true,"href":"https:\/\/uar.es\/index.php?rest_route=\/wp\/v2\/users\/10"}],"replies":[{"embeddable":true,"href":"https:\/\/uar.es\/index.php?rest_route=%2Fwp%2Fv2%2Fcomments&post=2752"}],"version-history":[{"count":6,"href":"https:\/\/uar.es\/index.php?rest_route=\/wp\/v2\/posts\/2752\/revisions"}],"predecessor-version":[{"id":2762,"href":"https:\/\/uar.es\/index.php?rest_route=\/wp\/v2\/posts\/2752\/revisions\/2762"}],"wp:attachment":[{"href":"https:\/\/uar.es\/index.php?rest_route=%2Fwp%2Fv2%2Fmedia&parent=2752"}],"wp:term":[{"taxonomy":"category","embeddable":true,"href":"https:\/\/uar.es\/index.php?rest_route=%2Fwp%2Fv2%2Fcategories&post=2752"},{"taxonomy":"post_tag","embeddable":true,"href":"https:\/\/uar.es\/index.php?rest_route=%2Fwp%2Fv2%2Ftags&post=2752"}],"curies":[{"name":"wp","href":"https:\/\/api.w.org\/{rel}","templated":true}]}}