{"id":3376,"date":"2020-09-28T14:21:06","date_gmt":"2020-09-28T12:21:06","guid":{"rendered":"https:\/\/uar.es\/?p=3376"},"modified":"2020-10-04T23:07:01","modified_gmt":"2020-10-04T21:07:01","slug":"gran-actuacio-de-la-uar-als-campionats-de-catalunya-sub18-20-a-igualada","status":"publish","type":"post","link":"https:\/\/uar.es\/?p=3376","title":{"rendered":"Gran actuaci\u00f3 de la UAR als campionats de Catalunya sub18-20 a Igualada"},"content":{"rendered":"\n<figure class=\"wp-block-image size-large\"><img loading=\"lazy\" width=\"600\" height=\"450\" src=\"https:\/\/uar.es\/wp-content\/uploads\/2020\/09\/WhatsApp-Image-2020-09-26-at-13.14.48.jpeg\" alt=\"\" class=\"wp-image-3377\" srcset=\"https:\/\/uar.es\/wp-content\/uploads\/2020\/09\/WhatsApp-Image-2020-09-26-at-13.14.48.jpeg 600w, https:\/\/uar.es\/wp-content\/uploads\/2020\/09\/WhatsApp-Image-2020-09-26-at-13.14.48-300x225.jpeg 300w, https:\/\/uar.es\/wp-content\/uploads\/2020\/09\/WhatsApp-Image-2020-09-26-at-13.14.48-500x375.jpeg 500w\" sizes=\"(max-width: 600px) 100vw, 600px\" \/><\/figure>\n\n\n\n<p>Aquest dissabte 26 de setembre al mat\u00ed, David Jim\u00e9nez, atleta i entrenador de la Uni\u00f3 Atl\u00e8tica Rub\u00ed, s&#8217;ha proclamat campi\u00f3 de Catalunya en la categoria Sub20 a la prova dels 100metres llisos, amb un registre de 11.06. Establint una millor marca de la temporada i a 1 cent\u00e8sima del seu r\u00e8cord personal. <\/p>\n\n\n\n<figure class=\"wp-block-image size-large\"><img loading=\"lazy\" width=\"600\" height=\"450\" src=\"https:\/\/uar.es\/wp-content\/uploads\/2020\/09\/WhatsApp-Image-2020-09-26-at-17.42.18.jpeg\" alt=\"\" class=\"wp-image-3378\" srcset=\"https:\/\/uar.es\/wp-content\/uploads\/2020\/09\/WhatsApp-Image-2020-09-26-at-17.42.18.jpeg 600w, https:\/\/uar.es\/wp-content\/uploads\/2020\/09\/WhatsApp-Image-2020-09-26-at-17.42.18-300x225.jpeg 300w, https:\/\/uar.es\/wp-content\/uploads\/2020\/09\/WhatsApp-Image-2020-09-26-at-17.42.18-500x375.jpeg 500w\" sizes=\"(max-width: 600px) 100vw, 600px\" \/><\/figure>\n\n\n\n<p>A la tarda, Hugo Garc\u00eda, aconsegueix la medalla de plata i subcampi\u00f3 de Catalunya en llan\u00e7ament de disc en la cetgoria de Sub18. Fent un llan\u00e7ament i millor marca personal de 43.58 metres. Tamb\u00e9 aconsegueix el 4t lloc en llan\u00e7ament de pes a una millor marca personal de 13.31metres.<\/p>\n\n\n\n<figure class=\"wp-block-image size-large\"><img loading=\"lazy\" width=\"600\" height=\"450\" src=\"https:\/\/uar.es\/wp-content\/uploads\/2020\/09\/WhatsApp-Image-2020-09-27-at-12.52.06.jpeg\" alt=\"\" class=\"wp-image-3380\" srcset=\"https:\/\/uar.es\/wp-content\/uploads\/2020\/09\/WhatsApp-Image-2020-09-27-at-12.52.06.jpeg 600w, https:\/\/uar.es\/wp-content\/uploads\/2020\/09\/WhatsApp-Image-2020-09-27-at-12.52.06-300x225.jpeg 300w, https:\/\/uar.es\/wp-content\/uploads\/2020\/09\/WhatsApp-Image-2020-09-27-at-12.52.06-500x375.jpeg 500w\" sizes=\"(max-width: 600px) 100vw, 600px\" \/><\/figure>\n\n\n\n<p>Diumenge 27 al mat\u00ed, David Jim\u00e9nez torna a pujar al p\u00f3dium, aquesta vegada, com a subcampi\u00f3 de Catalunya en els 200 metres llisos amb una marca de 22.28.<\/p>\n\n\n\n<p>Tamb\u00e9 cal remarcar la participaci\u00f3 de l&#8217;atleta Lucia Tejero que dissabte als 5000 metres marxa va quedar 8ena amb un temps de  30:41.63.<\/p>\n\n\n\n<p>Felicitats a tots!!!<\/p>\n","protected":false},"excerpt":{"rendered":"<p>Aquest dissabte 26 de setembre al mat\u00ed, David Jim\u00e9nez, atleta i entrenador de la Uni\u00f3 Atl\u00e8tica Rub\u00ed, s&#8217;ha proclamat campi\u00f3 de Catalunya en la categoria Sub20 a la prova dels 100metres llisos, amb un registre de 11.06. Establint una millor marca de la temporada i a 1 cent\u00e8sima del seu r\u00e8cord personal. A la tarda, [&hellip;]<\/p>\n","protected":false},"author":12,"featured_media":0,"comment_status":"closed","ping_status":"closed","sticky":false,"template":"","format":"standard","meta":[],"categories":[2],"tags":[],"_links":{"self":[{"href":"https:\/\/uar.es\/index.php?rest_route=\/wp\/v2\/posts\/3376"}],"collection":[{"href":"https:\/\/uar.es\/index.php?rest_route=\/wp\/v2\/posts"}],"about":[{"href":"https:\/\/uar.es\/index.php?rest_route=\/wp\/v2\/types\/post"}],"author":[{"embeddable":true,"href":"https:\/\/uar.es\/index.php?rest_route=\/wp\/v2\/users\/12"}],"replies":[{"embeddable":true,"href":"https:\/\/uar.es\/index.php?rest_route=%2Fwp%2Fv2%2Fcomments&post=3376"}],"version-history":[{"count":7,"href":"https:\/\/uar.es\/index.php?rest_route=\/wp\/v2\/posts\/3376\/revisions"}],"predecessor-version":[{"id":3390,"href":"https:\/\/uar.es\/index.php?rest_route=\/wp\/v2\/posts\/3376\/revisions\/3390"}],"wp:attachment":[{"href":"https:\/\/uar.es\/index.php?rest_route=%2Fwp%2Fv2%2Fmedia&parent=3376"}],"wp:term":[{"taxonomy":"category","embeddable":true,"href":"https:\/\/uar.es\/index.php?rest_route=%2Fwp%2Fv2%2Fcategories&post=3376"},{"taxonomy":"post_tag","embeddable":true,"href":"https:\/\/uar.es\/index.php?rest_route=%2Fwp%2Fv2%2Ftags&post=3376"}],"curies":[{"name":"wp","href":"https:\/\/api.w.org\/{rel}","templated":true}]}}