{"id":3391,"date":"2020-10-04T23:18:39","date_gmt":"2020-10-04T21:18:39","guid":{"rendered":"https:\/\/uar.es\/?p=3391"},"modified":"2020-10-05T19:54:37","modified_gmt":"2020-10-05T17:54:37","slug":"bons-resultats-als-campionats-de-catalunya-sub10-12-14-16-a-lleida","status":"publish","type":"post","link":"https:\/\/uar.es\/?p=3391","title":{"rendered":"Bons resultats als campionats de Catalunya Sub10-12-14-16 a Lleida"},"content":{"rendered":"\n<p>Aquest cap de setmana s\u2019ha celebrat el Campionat de Catalunya Sub10-12-14-16 d\u2019aire lliure a Lleida. La uni\u00f3 atl\u00e8tica Rub\u00ed ha aconseguit molt bons resultats.<\/p>\n\n\n\n<p><strong>En la categoria Sub14<\/strong><\/p>\n\n\n\n<p><strong>Ivan Garc\u00eda<\/strong>, campi\u00f3 de Catalunya de salt de llargada igualant la seva millor marca personal (MMP), en 2 ocasions, de 5.55 metres. <\/p>\n\n\n\n<figure class=\"wp-block-image size-large\"><img loading=\"lazy\" width=\"600\" height=\"450\" src=\"https:\/\/uar.es\/wp-content\/uploads\/2020\/10\/WhatsApp-Image-2020-10-03-at-13.46.13.jpeg\" alt=\"\" class=\"wp-image-3392\" srcset=\"https:\/\/uar.es\/wp-content\/uploads\/2020\/10\/WhatsApp-Image-2020-10-03-at-13.46.13.jpeg 600w, https:\/\/uar.es\/wp-content\/uploads\/2020\/10\/WhatsApp-Image-2020-10-03-at-13.46.13-300x225.jpeg 300w, https:\/\/uar.es\/wp-content\/uploads\/2020\/10\/WhatsApp-Image-2020-10-03-at-13.46.13-500x375.jpeg 500w\" sizes=\"(max-width: 600px) 100vw, 600px\" \/><\/figure>\n\n\n\n<p><strong>Martina Capel<\/strong> 3a de Catalunya de triple salt amb MMP de 9.94. <\/p>\n\n\n\n<figure class=\"wp-block-image size-large\"><img loading=\"lazy\" width=\"600\" height=\"337\" src=\"https:\/\/uar.es\/wp-content\/uploads\/2020\/10\/WhatsApp-Image-2020-10-04-at-23.14.02.jpeg\" alt=\"\" class=\"wp-image-3400\" srcset=\"https:\/\/uar.es\/wp-content\/uploads\/2020\/10\/WhatsApp-Image-2020-10-04-at-23.14.02.jpeg 600w, https:\/\/uar.es\/wp-content\/uploads\/2020\/10\/WhatsApp-Image-2020-10-04-at-23.14.02-300x169.jpeg 300w, https:\/\/uar.es\/wp-content\/uploads\/2020\/10\/WhatsApp-Image-2020-10-04-at-23.14.02-500x281.jpeg 500w\" sizes=\"(max-width: 600px) 100vw, 600px\" \/><\/figure>\n\n\n\n<p><strong>Paula Haba<\/strong> 6a de triple Salt amb MMP de 9.55,<\/p>\n\n\n\n<p><\/p>\n\n\n\n<p><strong>En la categoria Sub16<\/strong><\/p>\n\n\n\n<p><strong>Ona Gombau<\/strong> 3a de Catalunya en llan\u00e7ament de javelina amb un amb MMP de 29.70 <\/p>\n\n\n\n<figure class=\"wp-block-image size-large\"><img loading=\"lazy\" width=\"450\" height=\"600\" src=\"https:\/\/uar.es\/wp-content\/uploads\/2020\/10\/WhatsApp-Image-2020-10-04-at-19.55.32.jpeg\" alt=\"\" class=\"wp-image-3394\" srcset=\"https:\/\/uar.es\/wp-content\/uploads\/2020\/10\/WhatsApp-Image-2020-10-04-at-19.55.32.jpeg 450w, https:\/\/uar.es\/wp-content\/uploads\/2020\/10\/WhatsApp-Image-2020-10-04-at-19.55.32-225x300.jpeg 225w\" sizes=\"(max-width: 450px) 100vw, 450px\" \/><\/figure>\n\n\n\n<p><strong>Aketza Sumell<\/strong> 6\u00e9 de Catalunya de salt d\u2019al\u00e7ada amb una marca de 1.65<\/p>\n\n\n\n<p><strong>H.G. i Jan Vila <\/strong>7\u00b0y 8\u00b0de Catalu\u00f1a, als 100mll empatats por per temps 11.71<\/p>\n\n\n\n<p><strong>H.G<\/strong> va quedar 3r als 300mll amb un temps de 38.84.<\/p>\n\n\n\n<p><strong>Estefany Ba<\/strong>, 8a en el llan\u00e7ament de disc amb 24,63metres i 8a en llan\u00e7ament de pes amb 9.10metres.<\/p>\n\n\n\n<p><strong>Adri\u00e1n Macias<\/strong>, 5e als 3000m, amb un temps de 10:17.58<\/p>\n\n\n\n<p><strong>Mart\u00ed Ard\u00e8vol<\/strong> 7e en llan\u00e7ament de disc amb 28,76 MMP<\/p>\n","protected":false},"excerpt":{"rendered":"<p>Aquest cap de setmana s\u2019ha celebrat el Campionat de Catalunya Sub10-12-14-16 d\u2019aire lliure a Lleida. La uni\u00f3 atl\u00e8tica Rub\u00ed ha aconseguit molt bons resultats. En la categoria Sub14 Ivan Garc\u00eda, campi\u00f3 de Catalunya de salt de llargada igualant la seva millor marca personal (MMP), en 2 ocasions, de 5.55 metres. Martina Capel 3a de Catalunya [&hellip;]<\/p>\n","protected":false},"author":12,"featured_media":0,"comment_status":"closed","ping_status":"closed","sticky":false,"template":"","format":"standard","meta":[],"categories":[2],"tags":[],"_links":{"self":[{"href":"https:\/\/uar.es\/index.php?rest_route=\/wp\/v2\/posts\/3391"}],"collection":[{"href":"https:\/\/uar.es\/index.php?rest_route=\/wp\/v2\/posts"}],"about":[{"href":"https:\/\/uar.es\/index.php?rest_route=\/wp\/v2\/types\/post"}],"author":[{"embeddable":true,"href":"https:\/\/uar.es\/index.php?rest_route=\/wp\/v2\/users\/12"}],"replies":[{"embeddable":true,"href":"https:\/\/uar.es\/index.php?rest_route=%2Fwp%2Fv2%2Fcomments&post=3391"}],"version-history":[{"count":6,"href":"https:\/\/uar.es\/index.php?rest_route=\/wp\/v2\/posts\/3391\/revisions"}],"predecessor-version":[{"id":3405,"href":"https:\/\/uar.es\/index.php?rest_route=\/wp\/v2\/posts\/3391\/revisions\/3405"}],"wp:attachment":[{"href":"https:\/\/uar.es\/index.php?rest_route=%2Fwp%2Fv2%2Fmedia&parent=3391"}],"wp:term":[{"taxonomy":"category","embeddable":true,"href":"https:\/\/uar.es\/index.php?rest_route=%2Fwp%2Fv2%2Fcategories&post=3391"},{"taxonomy":"post_tag","embeddable":true,"href":"https:\/\/uar.es\/index.php?rest_route=%2Fwp%2Fv2%2Ftags&post=3391"}],"curies":[{"name":"wp","href":"https:\/\/api.w.org\/{rel}","templated":true}]}}