{"id":3398,"date":"2020-10-05T12:39:28","date_gmt":"2020-10-05T10:39:28","guid":{"rendered":"https:\/\/uar.es\/?p=3398"},"modified":"2020-10-11T22:56:53","modified_gmt":"2020-10-11T20:56:53","slug":"campionat-despanya-sub20-3","status":"publish","type":"post","link":"https:\/\/uar.es\/?p=3398","title":{"rendered":"Campionat d&#8217;Espanya Sub20"},"content":{"rendered":"\n<p>Cap de setmana intens d&#8217;emocions en el\ncampionat d&#8217;Espanya sub20, celebrat a l&#8217;estadi Municipal Vallhermoso, a la\nciutat de Madrid.<\/p>\n\n\n\n<p>En representaci\u00f3 de la Uni\u00f3 Atl\u00e8tica de Rub\u00ed,\nDavid Jim\u00e9nez va protagonitzar la participaci\u00f3 de les proves de velocitat de\n100 y 200 metres llisos.<\/p>\n\n\n\n<p>A les llistes d&#8217;inscripcions compareixia a la posici\u00f3 12 y 13 dels 100 y 200, respectivament, per\u00f2 les ganes, la il\u2022lusi\u00f3 i la lluita van fer que a la seva semifinal es classifiqu\u00e9s en una 2a posici\u00f3, donant-li un passatge directe a la final, amb una marca de 11.05 MMP, per\u00f2 amb un vent negatiu de 1.5 m\/s que no li va permetre baixar de la tant estimada barrera dels 11 segons.<\/p>\n\n\n\n<figure class=\"wp-block-embed-youtube wp-block-embed is-type-video is-provider-youtube wp-embed-aspect-16-9 wp-has-aspect-ratio\"><div class=\"wp-block-embed__wrapper\">\n<iframe loading=\"lazy\" title=\"Campionat Espanya SUB20 2020 - Semifinals 100\" width=\"500\" height=\"281\" src=\"https:\/\/www.youtube.com\/embed\/PKiW6W3Cgpw?feature=oembed\" frameborder=\"0\" allow=\"accelerometer; autoplay; clipboard-write; encrypted-media; gyroscope; picture-in-picture\" allowfullscreen><\/iframe>\n<\/div><\/figure>\n\n\n\n<p>A la final va poder aconseguir una molt merescuda 5a posici\u00f3 amb un temps de 11.14 y un vent negatiu de 2 m\/s.<\/p>\n\n\n\n<figure class=\"wp-block-embed-youtube wp-block-embed is-type-video is-provider-youtube wp-embed-aspect-16-9 wp-has-aspect-ratio\"><div class=\"wp-block-embed__wrapper\">\n<iframe loading=\"lazy\" title=\"Campionat Espanya SUB20 2020 - Final 100m\" width=\"500\" height=\"281\" src=\"https:\/\/www.youtube.com\/embed\/F7_k3GOjM2s?feature=oembed\" frameborder=\"0\" allow=\"accelerometer; autoplay; clipboard-write; encrypted-media; gyroscope; picture-in-picture\" allowfullscreen><\/iframe>\n<\/div><\/figure>\n\n\n\n<p>De forma molt motivada va c\u00f3rrer la semifinal dels 200 metres, aconseguint tamb\u00e9 una 2a posici\u00f3 que tornava a facilitar-li acc\u00e9s directe a la final.<\/p>\n\n\n\n<figure class=\"wp-block-embed-youtube wp-block-embed is-type-video is-provider-youtube wp-embed-aspect-16-9 wp-has-aspect-ratio\"><div class=\"wp-block-embed__wrapper\">\n<iframe loading=\"lazy\" title=\"Campionat Espanya SUB20 2020 - Semifinal 200m\" width=\"500\" height=\"281\" src=\"https:\/\/www.youtube.com\/embed\/sT7JKsW8U-M?feature=oembed\" frameborder=\"0\" allow=\"accelerometer; autoplay; clipboard-write; encrypted-media; gyroscope; picture-in-picture\" allowfullscreen><\/iframe>\n<\/div><\/figure>\n\n\n\n<p>David va plantar cara i cames a l&#8217;esgotament acumulat, sortint a deixar-se la pell a la pista. Carrer 8, cap refer\u00e8ncia externa, ja estava complert l&#8217;objectiu, no perdia res i va guanyar una 6a posici\u00f3 amb un temps 22.17 MMP.<\/p>\n\n\n\n<figure class=\"wp-block-embed-youtube wp-block-embed is-type-video is-provider-youtube wp-embed-aspect-16-9 wp-has-aspect-ratio\"><div class=\"wp-block-embed__wrapper\">\n<iframe loading=\"lazy\" title=\"Campionat Espanya SUB20 2020 - Final 200m\" width=\"500\" height=\"281\" src=\"https:\/\/www.youtube.com\/embed\/6HuHT08RuQo?feature=oembed\" frameborder=\"0\" allow=\"accelerometer; autoplay; clipboard-write; encrypted-media; gyroscope; picture-in-picture\" allowfullscreen><\/iframe>\n<\/div><\/figure>\n\n\n\n<p>Reflexi\u00f3 del campionat:<\/p>\n\n\n\n<p>La passi\u00f3 i la const\u00e0ncia diferencien a l&#8217;atleta. <\/p>\n\n\n\n<p>Jairo Lorenzo. <\/p>\n","protected":false},"excerpt":{"rendered":"<p>Cap de setmana intens d&#8217;emocions en el campionat d&#8217;Espanya sub20, celebrat a l&#8217;estadi Municipal Vallhermoso, a la ciutat de Madrid. En representaci\u00f3 de la Uni\u00f3 Atl\u00e8tica de Rub\u00ed, David Jim\u00e9nez va protagonitzar la participaci\u00f3 de les proves de velocitat de 100 y 200 metres llisos. A les llistes d&#8217;inscripcions compareixia a la posici\u00f3 12 y [&hellip;]<\/p>\n","protected":false},"author":12,"featured_media":0,"comment_status":"closed","ping_status":"closed","sticky":false,"template":"","format":"standard","meta":[],"categories":[2],"tags":[],"_links":{"self":[{"href":"https:\/\/uar.es\/index.php?rest_route=\/wp\/v2\/posts\/3398"}],"collection":[{"href":"https:\/\/uar.es\/index.php?rest_route=\/wp\/v2\/posts"}],"about":[{"href":"https:\/\/uar.es\/index.php?rest_route=\/wp\/v2\/types\/post"}],"author":[{"embeddable":true,"href":"https:\/\/uar.es\/index.php?rest_route=\/wp\/v2\/users\/12"}],"replies":[{"embeddable":true,"href":"https:\/\/uar.es\/index.php?rest_route=%2Fwp%2Fv2%2Fcomments&post=3398"}],"version-history":[{"count":4,"href":"https:\/\/uar.es\/index.php?rest_route=\/wp\/v2\/posts\/3398\/revisions"}],"predecessor-version":[{"id":3406,"href":"https:\/\/uar.es\/index.php?rest_route=\/wp\/v2\/posts\/3398\/revisions\/3406"}],"wp:attachment":[{"href":"https:\/\/uar.es\/index.php?rest_route=%2Fwp%2Fv2%2Fmedia&parent=3398"}],"wp:term":[{"taxonomy":"category","embeddable":true,"href":"https:\/\/uar.es\/index.php?rest_route=%2Fwp%2Fv2%2Fcategories&post=3398"},{"taxonomy":"post_tag","embeddable":true,"href":"https:\/\/uar.es\/index.php?rest_route=%2Fwp%2Fv2%2Ftags&post=3398"}],"curies":[{"name":"wp","href":"https:\/\/api.w.org\/{rel}","templated":true}]}}