{"id":3407,"date":"2020-10-12T21:54:05","date_gmt":"2020-10-12T19:54:05","guid":{"rendered":"https:\/\/uar.es\/?p=3407"},"modified":"2020-10-18T22:28:10","modified_gmt":"2020-10-18T20:28:10","slug":"cap-de-setmana-ple-de-bons-resultats","status":"publish","type":"post","link":"https:\/\/uar.es\/?p=3407","title":{"rendered":"Cap de setmana ple de bons resultats!"},"content":{"rendered":"\n<figure class=\"wp-block-image size-large\"><img loading=\"lazy\" width=\"450\" height=\"600\" src=\"https:\/\/uar.es\/wp-content\/uploads\/2020\/10\/f68cd90c-dc6f-48c2-ba07-fe5dd150453e.jpg\" alt=\"\" class=\"wp-image-3415\" srcset=\"https:\/\/uar.es\/wp-content\/uploads\/2020\/10\/f68cd90c-dc6f-48c2-ba07-fe5dd150453e.jpg 450w, https:\/\/uar.es\/wp-content\/uploads\/2020\/10\/f68cd90c-dc6f-48c2-ba07-fe5dd150453e-225x300.jpg 225w\" sizes=\"(max-width: 450px) 100vw, 450px\" \/><\/figure>\n\n\n\n<p>Aquest cap de setmana 11-12 d&#8217;octubre, s&#8217;ha disputat el <strong>LV Campionat d&#8217;Espanya  M\u00e0ster<\/strong> a C\u00e1diz, on el nostre atleta i entrenador Jairo Lorenzo ha quedat subcampi\u00f3 d&#8217;Espanya en els 110metres tanques amb un temps de 17.75. Tamb\u00e9 ha quedat en 6a posici\u00f3 en el salt de llargada. <\/p>\n\n\n\n<p>Enhorabona campi\u00f3!<\/p>\n\n\n\n<p>La Uni\u00f3 Atl\u00e8tica Rub\u00ed ha portat aquest cap de setmana varis atletes al <strong>Campionat de Catalunya Absolut.<\/strong><br> En primer lloc, Gerard Puig ha encap\u00e7alat la prova del salt de llargada amb un registre 6.44 que li proporcionava<br> la 10\u00b0posici\u00f3.<\/p>\n\n\n\n<p>David Jim\u00e9nez y David Guerrero van disputar la mateixa s\u00e8rie finalista i m\u00e9s r\u00e0pida dels 100 metres, amb uns temps de 11.08 y 11.58, atorgant-los la 2\u00b0 y 11\u00b0 posici\u00f3, respectivament.<\/p>\n\n\n\n<figure class=\"wp-block-image size-large\"><img loading=\"lazy\" width=\"600\" height=\"337\" src=\"https:\/\/uar.es\/wp-content\/uploads\/2020\/10\/69887b4f-d228-47bf-94fb-dc58035adb2c.jpg\" alt=\"\" class=\"wp-image-3410\" srcset=\"https:\/\/uar.es\/wp-content\/uploads\/2020\/10\/69887b4f-d228-47bf-94fb-dc58035adb2c.jpg 600w, https:\/\/uar.es\/wp-content\/uploads\/2020\/10\/69887b4f-d228-47bf-94fb-dc58035adb2c-300x169.jpg 300w, https:\/\/uar.es\/wp-content\/uploads\/2020\/10\/69887b4f-d228-47bf-94fb-dc58035adb2c-500x281.jpg 500w\" sizes=\"(max-width: 600px) 100vw, 600px\" \/><\/figure>\n\n\n\n<p>La sorpresa va arribar a la prova dels relleus 4&#215;100, amb una peculiar participaci\u00f3 d&#8217;un jove sub16, Jan Vila, aportant una gran llavor als seus companys d&#8217;equip: David Guerrero, Gerard Puig i David Jim\u00e9nez on van aconseguir la medalla de plata amb un temps de 43.75, essent la 4a millor marca de tots els temps del club.<\/p>\n\n\n\n<figure class=\"wp-block-image size-large\"><img loading=\"lazy\" width=\"600\" height=\"337\" src=\"https:\/\/uar.es\/wp-content\/uploads\/2020\/10\/f83c6f18-7cf4-416e-bccd-25cd3c213161.jpg\" alt=\"\" class=\"wp-image-3409\" srcset=\"https:\/\/uar.es\/wp-content\/uploads\/2020\/10\/f83c6f18-7cf4-416e-bccd-25cd3c213161.jpg 600w, https:\/\/uar.es\/wp-content\/uploads\/2020\/10\/f83c6f18-7cf4-416e-bccd-25cd3c213161-300x169.jpg 300w, https:\/\/uar.es\/wp-content\/uploads\/2020\/10\/f83c6f18-7cf4-416e-bccd-25cd3c213161-500x281.jpg 500w\" sizes=\"(max-width: 600px) 100vw, 600px\" \/><\/figure>\n\n\n\n<p>Al dia seg\u00fcent es va disputar la prova dels 200 metres amb una repetici\u00f3 de participants de David Jim\u00e9nez y David Guerrero, on aquest primer va tornar a pujar-se al p\u00f2dium per\u00f2 aquest cop a la 3a posici\u00f3 amb 22.40 i David Guerrero es va tenir que conformar amb una tamb\u00e9 merescuda 12\u00b0 posici\u00f3 i un temps de 23.54<\/p>\n\n\n\n<p>Reflexi\u00f3 del campionat:<br>\nLa passi\u00f3 i la const\u00e0ncia diferencien a l&#8217;atleta.<\/p>\n","protected":false},"excerpt":{"rendered":"<p>Aquest cap de setmana 11-12 d&#8217;octubre, s&#8217;ha disputat el LV Campionat d&#8217;Espanya M\u00e0ster a C\u00e1diz, on el nostre atleta i entrenador Jairo Lorenzo ha quedat subcampi\u00f3 d&#8217;Espanya en els 110metres tanques amb un temps de 17.75. Tamb\u00e9 ha quedat en 6a posici\u00f3 en el salt de llargada. Enhorabona campi\u00f3! La Uni\u00f3 Atl\u00e8tica Rub\u00ed ha portat [&hellip;]<\/p>\n","protected":false},"author":12,"featured_media":0,"comment_status":"closed","ping_status":"closed","sticky":false,"template":"","format":"standard","meta":[],"categories":[2],"tags":[],"_links":{"self":[{"href":"https:\/\/uar.es\/index.php?rest_route=\/wp\/v2\/posts\/3407"}],"collection":[{"href":"https:\/\/uar.es\/index.php?rest_route=\/wp\/v2\/posts"}],"about":[{"href":"https:\/\/uar.es\/index.php?rest_route=\/wp\/v2\/types\/post"}],"author":[{"embeddable":true,"href":"https:\/\/uar.es\/index.php?rest_route=\/wp\/v2\/users\/12"}],"replies":[{"embeddable":true,"href":"https:\/\/uar.es\/index.php?rest_route=%2Fwp%2Fv2%2Fcomments&post=3407"}],"version-history":[{"count":9,"href":"https:\/\/uar.es\/index.php?rest_route=\/wp\/v2\/posts\/3407\/revisions"}],"predecessor-version":[{"id":3419,"href":"https:\/\/uar.es\/index.php?rest_route=\/wp\/v2\/posts\/3407\/revisions\/3419"}],"wp:attachment":[{"href":"https:\/\/uar.es\/index.php?rest_route=%2Fwp%2Fv2%2Fmedia&parent=3407"}],"wp:term":[{"taxonomy":"category","embeddable":true,"href":"https:\/\/uar.es\/index.php?rest_route=%2Fwp%2Fv2%2Fcategories&post=3407"},{"taxonomy":"post_tag","embeddable":true,"href":"https:\/\/uar.es\/index.php?rest_route=%2Fwp%2Fv2%2Ftags&post=3407"}],"curies":[{"name":"wp","href":"https:\/\/api.w.org\/{rel}","templated":true}]}}