{"id":3426,"date":"2020-10-25T22:18:46","date_gmt":"2020-10-25T20:18:46","guid":{"rendered":"https:\/\/uar.es\/?p=3426"},"modified":"2020-12-09T22:50:21","modified_gmt":"2020-12-09T20:50:21","slug":"campionat-despanya-sub16","status":"publish","type":"post","link":"https:\/\/uar.es\/?p=3426","title":{"rendered":"Campionat d&#8217;Espanya Sub16"},"content":{"rendered":"\n<p>Aquest dissabte 24 s&#8217;ha celebrat a Granollers el campionat <strong>d&#8217;Espanya&nbsp;sub&nbsp;16<\/strong> Dos atletes locals  han participat aconseguint molt bons resultats. L&#8217;atleta <strong>Aketza Sumell <\/strong>ha quedat 10\u00e9 en salt d&#8217;al\u00e7ada fent un espectacular salt 1.73metres.<\/p>\n\n\n\n<figure class=\"wp-block-image size-large\"><img loading=\"lazy\" width=\"564\" height=\"600\" src=\"https:\/\/uar.es\/wp-content\/uploads\/2020\/10\/WhatsApp-Image-2020-10-25-at-21.10.54.jpeg\" alt=\"\" class=\"wp-image-3428\" srcset=\"https:\/\/uar.es\/wp-content\/uploads\/2020\/10\/WhatsApp-Image-2020-10-25-at-21.10.54.jpeg 564w, https:\/\/uar.es\/wp-content\/uploads\/2020\/10\/WhatsApp-Image-2020-10-25-at-21.10.54-282x300.jpeg 282w, https:\/\/uar.es\/wp-content\/uploads\/2020\/10\/WhatsApp-Image-2020-10-25-at-21.10.54-500x532.jpeg 500w\" sizes=\"(max-width: 564px) 100vw, 564px\" \/><\/figure>\n\n\n\n<p><strong>H.G.M<\/strong>.en la prova de 300 m llisos, realitzant una gran carrera quedant 4\u00b0 de la seva s\u00e8rie amb un registre de 38&#8217;24 a penes 0&#8217;2 cent\u00e8simes de la seva millor marca realitzant aix\u00ed una gran actuaci\u00f3 com a colof\u00f3 a aquest efecte de temporada dif\u00edcil donades les circumst\u00e0ncies.<\/p>\n\n\n\n<ul><li><\/li><\/ul>\n","protected":false},"excerpt":{"rendered":"<p>Aquest dissabte 24 s&#8217;ha celebrat a Granollers el campionat d&#8217;Espanya&nbsp;sub&nbsp;16 Dos atletes locals han participat aconseguint molt bons resultats. L&#8217;atleta Aketza Sumell ha quedat 10\u00e9 en salt d&#8217;al\u00e7ada fent un espectacular salt 1.73metres. H.G.M.en la prova de 300 m llisos, realitzant una gran carrera quedant 4\u00b0 de la seva s\u00e8rie amb un registre de 38&#8217;24 [&hellip;]<\/p>\n","protected":false},"author":12,"featured_media":0,"comment_status":"closed","ping_status":"closed","sticky":false,"template":"","format":"standard","meta":[],"categories":[2],"tags":[],"_links":{"self":[{"href":"https:\/\/uar.es\/index.php?rest_route=\/wp\/v2\/posts\/3426"}],"collection":[{"href":"https:\/\/uar.es\/index.php?rest_route=\/wp\/v2\/posts"}],"about":[{"href":"https:\/\/uar.es\/index.php?rest_route=\/wp\/v2\/types\/post"}],"author":[{"embeddable":true,"href":"https:\/\/uar.es\/index.php?rest_route=\/wp\/v2\/users\/12"}],"replies":[{"embeddable":true,"href":"https:\/\/uar.es\/index.php?rest_route=%2Fwp%2Fv2%2Fcomments&post=3426"}],"version-history":[{"count":5,"href":"https:\/\/uar.es\/index.php?rest_route=\/wp\/v2\/posts\/3426\/revisions"}],"predecessor-version":[{"id":3433,"href":"https:\/\/uar.es\/index.php?rest_route=\/wp\/v2\/posts\/3426\/revisions\/3433"}],"wp:attachment":[{"href":"https:\/\/uar.es\/index.php?rest_route=%2Fwp%2Fv2%2Fmedia&parent=3426"}],"wp:term":[{"taxonomy":"category","embeddable":true,"href":"https:\/\/uar.es\/index.php?rest_route=%2Fwp%2Fv2%2Fcategories&post=3426"},{"taxonomy":"post_tag","embeddable":true,"href":"https:\/\/uar.es\/index.php?rest_route=%2Fwp%2Fv2%2Ftags&post=3426"}],"curies":[{"name":"wp","href":"https:\/\/api.w.org\/{rel}","templated":true}]}}