{"id":3449,"date":"2021-01-17T20:11:05","date_gmt":"2021-01-17T18:11:05","guid":{"rendered":"https:\/\/uar.es\/?p=3449"},"modified":"2021-01-17T20:14:53","modified_gmt":"2021-01-17T18:14:53","slug":"1r-jornada-pista-coberta-sub16-18-20","status":"publish","type":"post","link":"https:\/\/uar.es\/?p=3449","title":{"rendered":"1r Jornada pista coberta Sub16-18-20"},"content":{"rendered":"\n<p>Bons resultats en  la primera jornada de pista coberta, celebrat l&#8217;estadi del Palau Sant Jordi, aquest cap de setmana 16 i 17 de gener. <\/p>\n\n\n\n<p>Molts atletes han batut les seves millors marques persona. Violeta V\u00edlches i Hugo Garc\u00eda R. han debutat en els 200metres llisos i Marc Malav\u00e9 tamb\u00e9 ha debutat en les tanques de m\u00e9s al\u00e7ada. <\/p>\n\n\n\n<figure class=\"wp-block-image size-large\"><img loading=\"lazy\" width=\"600\" height=\"202\" src=\"https:\/\/uar.es\/wp-content\/uploads\/2021\/01\/sub16-1.png\" alt=\"\" class=\"wp-image-3455\" srcset=\"https:\/\/uar.es\/wp-content\/uploads\/2021\/01\/sub16-1.png 600w, https:\/\/uar.es\/wp-content\/uploads\/2021\/01\/sub16-1-300x101.png 300w, https:\/\/uar.es\/wp-content\/uploads\/2021\/01\/sub16-1-500x168.png 500w\" sizes=\"(max-width: 600px) 100vw, 600px\" \/><\/figure>\n\n\n\n<figure class=\"wp-block-image size-large\"><img loading=\"lazy\" width=\"600\" height=\"235\" src=\"https:\/\/uar.es\/wp-content\/uploads\/2021\/01\/sub18.png\" alt=\"\" class=\"wp-image-3456\" srcset=\"https:\/\/uar.es\/wp-content\/uploads\/2021\/01\/sub18.png 600w, https:\/\/uar.es\/wp-content\/uploads\/2021\/01\/sub18-300x118.png 300w, https:\/\/uar.es\/wp-content\/uploads\/2021\/01\/sub18-500x196.png 500w\" sizes=\"(max-width: 600px) 100vw, 600px\" \/><\/figure>\n\n\n\n<p><\/p>\n","protected":false},"excerpt":{"rendered":"<p>Bons resultats en la primera jornada de pista coberta, celebrat l&#8217;estadi del Palau Sant Jordi, aquest cap de setmana 16 i 17 de gener. Molts atletes han batut les seves millors marques persona. Violeta V\u00edlches i Hugo Garc\u00eda R. han debutat en els 200metres llisos i Marc Malav\u00e9 tamb\u00e9 ha debutat en les tanques de [&hellip;]<\/p>\n","protected":false},"author":12,"featured_media":0,"comment_status":"closed","ping_status":"closed","sticky":false,"template":"","format":"standard","meta":[],"categories":[2],"tags":[],"_links":{"self":[{"href":"https:\/\/uar.es\/index.php?rest_route=\/wp\/v2\/posts\/3449"}],"collection":[{"href":"https:\/\/uar.es\/index.php?rest_route=\/wp\/v2\/posts"}],"about":[{"href":"https:\/\/uar.es\/index.php?rest_route=\/wp\/v2\/types\/post"}],"author":[{"embeddable":true,"href":"https:\/\/uar.es\/index.php?rest_route=\/wp\/v2\/users\/12"}],"replies":[{"embeddable":true,"href":"https:\/\/uar.es\/index.php?rest_route=%2Fwp%2Fv2%2Fcomments&post=3449"}],"version-history":[{"count":6,"href":"https:\/\/uar.es\/index.php?rest_route=\/wp\/v2\/posts\/3449\/revisions"}],"predecessor-version":[{"id":3458,"href":"https:\/\/uar.es\/index.php?rest_route=\/wp\/v2\/posts\/3449\/revisions\/3458"}],"wp:attachment":[{"href":"https:\/\/uar.es\/index.php?rest_route=%2Fwp%2Fv2%2Fmedia&parent=3449"}],"wp:term":[{"taxonomy":"category","embeddable":true,"href":"https:\/\/uar.es\/index.php?rest_route=%2Fwp%2Fv2%2Fcategories&post=3449"},{"taxonomy":"post_tag","embeddable":true,"href":"https:\/\/uar.es\/index.php?rest_route=%2Fwp%2Fv2%2Ftags&post=3449"}],"curies":[{"name":"wp","href":"https:\/\/api.w.org\/{rel}","templated":true}]}}